{"id":464,"date":"2021-01-25T10:15:11","date_gmt":"2021-01-25T09:15:11","guid":{"rendered":"https:\/\/jardinerietaberner.fr\/articles\/?p=464"},"modified":"2021-12-29T15:20:04","modified_gmt":"2021-12-29T14:20:04","slug":"les-plantes-aromatiques","status":"publish","type":"post","link":"https:\/\/jardinerietaberner.fr\/articles\/les-plantes-aromatiques\/","title":{"rendered":"Les plantes aromatiques."},"content":{"rendered":"\n<p>Les plantes aromatiques nous enivrent de leurs parfums. Elles se plantent partout tr\u00e8s facilement. Au jardin, sur un balcon, un rebord de fen\u00eatre ou associ\u00e9es avec les plantes potag\u00e8res, elles permettent de sublimer vos pr\u00e9parations culinaires. Indispensables, il existe de nombreuses possibilit\u00e9s de les marier dans le jardin.<\/p>\n\n\n\n<h2>Choisir le bon endroit.<\/h2>\n\n\n\n<p>Regroupez les plantes aromatiques en fonction de leurs exigences culturales.<\/p>\n\n\n\n<h2>A l\u2019ombre.<\/h2>\n\n\n\n<p>Plantez le persil, la ciboulette,l&rsquo;oseille, la rhubarbe, le cerfeuil et la coriandre \u00e0 l\u2019ombre ou \u00e0 la mi- ombre. Ils demandent \u00e0 \u00eatre arros\u00e9 r\u00e9guli\u00e8rement. Taillez les feuilles au fur et \u00e0 mesure des besoins. Si les fleurs apparaissent, supprimez les car la plante produira ses graines au d\u00e9triment de ses feuilles.<\/p>\n\n\n\n<figure class=\"wp-block-gallery columns-3 is-cropped\"><ul class=\"blocks-gallery-grid\"><li class=\"blocks-gallery-item\"><figure><img loading=\"lazy\" width=\"800\" height=\"800\" src=\"https:\/\/jardinerietaberner.fr\/articles\/wp-content\/uploads\/2021\/01\/ciboulette.jpg\" alt=\"\" data-id=\"469\" data-link=\"https:\/\/jardinerietaberner.fr\/articles\/?attachment_id=469\" class=\"wp-image-469\" srcset=\"https:\/\/jardinerietaberner.fr\/articles\/wp-content\/uploads\/2021\/01\/ciboulette.jpg 800w, https:\/\/jardinerietaberner.fr\/articles\/wp-content\/uploads\/2021\/01\/ciboulette-300x300.jpg 300w, https:\/\/jardinerietaberner.fr\/articles\/wp-content\/uploads\/2021\/01\/ciboulette-150x150.jpg 150w, https:\/\/jardinerietaberner.fr\/articles\/wp-content\/uploads\/2021\/01\/ciboulette-768x768.jpg 768w, https:\/\/jardinerietaberner.fr\/articles\/wp-content\/uploads\/2021\/01\/ciboulette-90x90.jpg 90w, https:\/\/jardinerietaberner.fr\/articles\/wp-content\/uploads\/2021\/01\/ciboulette-75x75.jpg 75w\" sizes=\"(max-width: 800px) 100vw, 800px\" \/><\/figure><\/li><li class=\"blocks-gallery-item\"><figure><img loading=\"lazy\" width=\"800\" height=\"800\" src=\"https:\/\/jardinerietaberner.fr\/articles\/wp-content\/uploads\/2021\/01\/basilic-grande-feuille.jpg\" alt=\"\" data-id=\"471\" data-link=\"https:\/\/jardinerietaberner.fr\/articles\/?attachment_id=471\" class=\"wp-image-471\" srcset=\"https:\/\/jardinerietaberner.fr\/articles\/wp-content\/uploads\/2021\/01\/basilic-grande-feuille.jpg 800w, https:\/\/jardinerietaberner.fr\/articles\/wp-content\/uploads\/2021\/01\/basilic-grande-feuille-300x300.jpg 300w, https:\/\/jardinerietaberner.fr\/articles\/wp-content\/uploads\/2021\/01\/basilic-grande-feuille-150x150.jpg 150w, https:\/\/jardinerietaberner.fr\/articles\/wp-content\/uploads\/2021\/01\/basilic-grande-feuille-768x768.jpg 768w, https:\/\/jardinerietaberner.fr\/articles\/wp-content\/uploads\/2021\/01\/basilic-grande-feuille-90x90.jpg 90w, https:\/\/jardinerietaberner.fr\/articles\/wp-content\/uploads\/2021\/01\/basilic-grande-feuille-75x75.jpg 75w\" sizes=\"(max-width: 800px) 100vw, 800px\" \/><\/figure><\/li><li class=\"blocks-gallery-item\"><figure><img loading=\"lazy\" width=\"800\" height=\"800\" src=\"https:\/\/jardinerietaberner.fr\/articles\/wp-content\/uploads\/2021\/01\/aramotique-3-2020.jpg\" alt=\"\" data-id=\"472\" data-full-url=\"https:\/\/jardinerietaberner.fr\/articles\/wp-content\/uploads\/2021\/01\/aramotique-3-2020.jpg\" data-link=\"https:\/\/jardinerietaberner.fr\/articles\/?attachment_id=472\" class=\"wp-image-472\" srcset=\"https:\/\/jardinerietaberner.fr\/articles\/wp-content\/uploads\/2021\/01\/aramotique-3-2020.jpg 800w, https:\/\/jardinerietaberner.fr\/articles\/wp-content\/uploads\/2021\/01\/aramotique-3-2020-300x300.jpg 300w, https:\/\/jardinerietaberner.fr\/articles\/wp-content\/uploads\/2021\/01\/aramotique-3-2020-150x150.jpg 150w, https:\/\/jardinerietaberner.fr\/articles\/wp-content\/uploads\/2021\/01\/aramotique-3-2020-768x768.jpg 768w, https:\/\/jardinerietaberner.fr\/articles\/wp-content\/uploads\/2021\/01\/aramotique-3-2020-90x90.jpg 90w, https:\/\/jardinerietaberner.fr\/articles\/wp-content\/uploads\/2021\/01\/aramotique-3-2020-75x75.jpg 75w\" sizes=\"(max-width: 800px) 100vw, 800px\" \/><\/figure><\/li><\/ul><figcaption class=\"blocks-gallery-caption\"><a href=\"https:\/\/jardinerietaberner.fr\/potagerfruitier\/253-ciboulette.html\">https:\/\/jardinerietaberner.fr\/potagerfruitier\/253-ciboulette.html<\/a><\/figcaption><\/figure>\n\n\n\n<h2>Au soleil.<\/h2>\n\n\n\n<p>L\u2019origan , la marjolaine, l\u2019h\u00e9lichrysum, la sarriette et les diff\u00e9rents thyms poussent ensemble au soleil. Tr\u00e8s r\u00e9sistant \u00e0 la s\u00e8cheresse, ils demandent peu d\u2019arrosage. R\u00e9coltez les tiges, r\u00e9unissez les en bouquets pour les suspendre dans un endroit sec \u00e0 l\u2019abri du soleil. Apr\u00e8s s\u00e9chage, les feuilles se d\u00e9tachent facilement en les roulant dans un linge.<\/p>\n\n\n\n<p>Le romarin, la sauge, la verveine et la rue sont des plantes au d\u00e9veloppement plus important. Plantez les aussi au soleil en les arrosant mod\u00e9r\u00e9ment. Ses plantes aromatiques se pr\u00eatent bien \u00e0 la constitution de haies basses au jardin.<\/p>\n\n\n\n<p>La monarde aux fleurs color\u00e9es et l\u2019agastache, se marient au c\u0153ur d\u2019un massif en compagnie d\u2019autres plantes vivaces comme les cor\u00e9opsis ou les campanules.<\/p>\n\n\n\n<p>Les menthes et la m\u00e9lisse ont besoin de beaucoup d\u2019espace pour se d\u00e9velopper. Am\u00e9nagez leur un bel emplacement ou gardez les en pot. Quel parfum allez vous choisir : la menthe verte, la menthe poivr\u00e9e, la menthe chocolat ou fraise&nbsp;?<\/p>\n\n\n\n<figure class=\"wp-block-gallery columns-3 is-cropped\"><ul class=\"blocks-gallery-grid\"><li class=\"blocks-gallery-item\"><figure><img loading=\"lazy\" width=\"800\" height=\"800\" src=\"https:\/\/jardinerietaberner.fr\/articles\/wp-content\/uploads\/2021\/01\/origan.jpg\" alt=\"\" data-id=\"473\" data-link=\"https:\/\/jardinerietaberner.fr\/articles\/?attachment_id=473\" class=\"wp-image-473\" srcset=\"https:\/\/jardinerietaberner.fr\/articles\/wp-content\/uploads\/2021\/01\/origan.jpg 800w, https:\/\/jardinerietaberner.fr\/articles\/wp-content\/uploads\/2021\/01\/origan-300x300.jpg 300w, https:\/\/jardinerietaberner.fr\/articles\/wp-content\/uploads\/2021\/01\/origan-150x150.jpg 150w, https:\/\/jardinerietaberner.fr\/articles\/wp-content\/uploads\/2021\/01\/origan-768x768.jpg 768w, https:\/\/jardinerietaberner.fr\/articles\/wp-content\/uploads\/2021\/01\/origan-90x90.jpg 90w, https:\/\/jardinerietaberner.fr\/articles\/wp-content\/uploads\/2021\/01\/origan-75x75.jpg 75w\" sizes=\"(max-width: 800px) 100vw, 800px\" \/><\/figure><\/li><li class=\"blocks-gallery-item\"><figure><img loading=\"lazy\" width=\"800\" height=\"800\" src=\"https:\/\/jardinerietaberner.fr\/articles\/wp-content\/uploads\/2021\/01\/menthe.jpg\" alt=\"\" data-id=\"475\" data-link=\"https:\/\/jardinerietaberner.fr\/articles\/?attachment_id=475\" class=\"wp-image-475\" srcset=\"https:\/\/jardinerietaberner.fr\/articles\/wp-content\/uploads\/2021\/01\/menthe.jpg 800w, https:\/\/jardinerietaberner.fr\/articles\/wp-content\/uploads\/2021\/01\/menthe-300x300.jpg 300w, https:\/\/jardinerietaberner.fr\/articles\/wp-content\/uploads\/2021\/01\/menthe-150x150.jpg 150w, https:\/\/jardinerietaberner.fr\/articles\/wp-content\/uploads\/2021\/01\/menthe-768x768.jpg 768w, https:\/\/jardinerietaberner.fr\/articles\/wp-content\/uploads\/2021\/01\/menthe-90x90.jpg 90w, https:\/\/jardinerietaberner.fr\/articles\/wp-content\/uploads\/2021\/01\/menthe-75x75.jpg 75w\" sizes=\"(max-width: 800px) 100vw, 800px\" \/><\/figure><\/li><li class=\"blocks-gallery-item\"><figure><img loading=\"lazy\" width=\"800\" height=\"800\" src=\"https:\/\/jardinerietaberner.fr\/articles\/wp-content\/uploads\/2021\/01\/sauge-officinale.jpg\" alt=\"\" data-id=\"483\" data-full-url=\"https:\/\/jardinerietaberner.fr\/articles\/wp-content\/uploads\/2021\/01\/sauge-officinale.jpg\" data-link=\"https:\/\/jardinerietaberner.fr\/articles\/?attachment_id=483\" class=\"wp-image-483\" srcset=\"https:\/\/jardinerietaberner.fr\/articles\/wp-content\/uploads\/2021\/01\/sauge-officinale.jpg 800w, https:\/\/jardinerietaberner.fr\/articles\/wp-content\/uploads\/2021\/01\/sauge-officinale-300x300.jpg 300w, https:\/\/jardinerietaberner.fr\/articles\/wp-content\/uploads\/2021\/01\/sauge-officinale-150x150.jpg 150w, https:\/\/jardinerietaberner.fr\/articles\/wp-content\/uploads\/2021\/01\/sauge-officinale-768x768.jpg 768w, https:\/\/jardinerietaberner.fr\/articles\/wp-content\/uploads\/2021\/01\/sauge-officinale-90x90.jpg 90w, https:\/\/jardinerietaberner.fr\/articles\/wp-content\/uploads\/2021\/01\/sauge-officinale-75x75.jpg 75w\" sizes=\"(max-width: 800px) 100vw, 800px\" \/><\/figure><\/li><\/ul><figcaption class=\"blocks-gallery-caption\"><a href=\"https:\/\/jardinerietaberner.fr\/potagerfruitier\/184-menthe.html\">https:\/\/jardinerietaberner.fr\/potagerfruitier\/184-menthe.html<\/a><\/figcaption><\/figure>\n\n\n\n<h2>Au potager.<\/h2>\n\n\n\n<p>La tanaisie et l\u2019absinthe sont des plantes r\u00e9pulsives contre les insectes ind\u00e9sirables. Elles trouveront leur place en bordure du potager pour prot\u00e9ger les plants de l\u00e9gumes. A cot\u00e9, plantez la consoude pour la confection de purin. Riche en potasse, la consoude est une aide pr\u00e9cieuse au jardin.<\/p>\n\n\n\n<p>L\u2019hysope avec ses magnifiques \u00e9pis bleus, attire les insectes pollinisateurs. Planez le au pied d\u2019une vigne ou d\u2019un arbre fruitier.<\/p>\n\n\n\n<figure class=\"wp-block-gallery columns-3 is-cropped\"><ul class=\"blocks-gallery-grid\"><li class=\"blocks-gallery-item\"><figure><img loading=\"lazy\" width=\"800\" height=\"800\" src=\"https:\/\/jardinerietaberner.fr\/articles\/wp-content\/uploads\/2021\/01\/bac-palette-6-2017-2017.jpg\" alt=\"\" data-id=\"479\" data-link=\"https:\/\/jardinerietaberner.fr\/articles\/?attachment_id=479\" class=\"wp-image-479\" srcset=\"https:\/\/jardinerietaberner.fr\/articles\/wp-content\/uploads\/2021\/01\/bac-palette-6-2017-2017.jpg 800w, https:\/\/jardinerietaberner.fr\/articles\/wp-content\/uploads\/2021\/01\/bac-palette-6-2017-2017-300x300.jpg 300w, https:\/\/jardinerietaberner.fr\/articles\/wp-content\/uploads\/2021\/01\/bac-palette-6-2017-2017-150x150.jpg 150w, https:\/\/jardinerietaberner.fr\/articles\/wp-content\/uploads\/2021\/01\/bac-palette-6-2017-2017-768x768.jpg 768w, https:\/\/jardinerietaberner.fr\/articles\/wp-content\/uploads\/2021\/01\/bac-palette-6-2017-2017-90x90.jpg 90w, https:\/\/jardinerietaberner.fr\/articles\/wp-content\/uploads\/2021\/01\/bac-palette-6-2017-2017-75x75.jpg 75w\" sizes=\"(max-width: 800px) 100vw, 800px\" \/><figcaption class=\"blocks-gallery-item__caption\">Plantes aromatiques<\/figcaption><\/figure><\/li><li class=\"blocks-gallery-item\"><figure><img loading=\"lazy\" width=\"800\" height=\"800\" src=\"https:\/\/jardinerietaberner.fr\/articles\/wp-content\/uploads\/2021\/01\/bac-palette-5-2017-2017.jpg\" alt=\"\" data-id=\"480\" data-link=\"https:\/\/jardinerietaberner.fr\/articles\/?attachment_id=480\" class=\"wp-image-480\" srcset=\"https:\/\/jardinerietaberner.fr\/articles\/wp-content\/uploads\/2021\/01\/bac-palette-5-2017-2017.jpg 800w, https:\/\/jardinerietaberner.fr\/articles\/wp-content\/uploads\/2021\/01\/bac-palette-5-2017-2017-300x300.jpg 300w, https:\/\/jardinerietaberner.fr\/articles\/wp-content\/uploads\/2021\/01\/bac-palette-5-2017-2017-150x150.jpg 150w, https:\/\/jardinerietaberner.fr\/articles\/wp-content\/uploads\/2021\/01\/bac-palette-5-2017-2017-768x768.jpg 768w, https:\/\/jardinerietaberner.fr\/articles\/wp-content\/uploads\/2021\/01\/bac-palette-5-2017-2017-90x90.jpg 90w, https:\/\/jardinerietaberner.fr\/articles\/wp-content\/uploads\/2021\/01\/bac-palette-5-2017-2017-75x75.jpg 75w\" sizes=\"(max-width: 800px) 100vw, 800px\" \/><figcaption class=\"blocks-gallery-item__caption\">Plantes aromatiques<\/figcaption><\/figure><\/li><li class=\"blocks-gallery-item\"><figure><img loading=\"lazy\" width=\"800\" height=\"800\" src=\"https:\/\/jardinerietaberner.fr\/articles\/wp-content\/uploads\/2021\/01\/bac-palette-48-2017.jpg\" alt=\"\" data-id=\"482\" data-full-url=\"https:\/\/jardinerietaberner.fr\/articles\/wp-content\/uploads\/2021\/01\/bac-palette-48-2017.jpg\" data-link=\"https:\/\/jardinerietaberner.fr\/articles\/?attachment_id=482\" class=\"wp-image-482\" srcset=\"https:\/\/jardinerietaberner.fr\/articles\/wp-content\/uploads\/2021\/01\/bac-palette-48-2017.jpg 800w, https:\/\/jardinerietaberner.fr\/articles\/wp-content\/uploads\/2021\/01\/bac-palette-48-2017-300x300.jpg 300w, https:\/\/jardinerietaberner.fr\/articles\/wp-content\/uploads\/2021\/01\/bac-palette-48-2017-150x150.jpg 150w, https:\/\/jardinerietaberner.fr\/articles\/wp-content\/uploads\/2021\/01\/bac-palette-48-2017-768x768.jpg 768w, https:\/\/jardinerietaberner.fr\/articles\/wp-content\/uploads\/2021\/01\/bac-palette-48-2017-90x90.jpg 90w, https:\/\/jardinerietaberner.fr\/articles\/wp-content\/uploads\/2021\/01\/bac-palette-48-2017-75x75.jpg 75w\" sizes=\"(max-width: 800px) 100vw, 800px\" \/><figcaption class=\"blocks-gallery-item__caption\">Plantes aromatiques<\/figcaption><\/figure><\/li><\/ul><\/figure>\n\n\n\n<p><\/p>\n\n\n\n<p>Au jardin ou en pot, les plantes aromatiques sont des plantes agr\u00e9ables et indispensables \u00e0 cultiver.<\/p>\n","protected":false},"excerpt":{"rendered":"<p>Les plantes aromatiques nous enivrent de leurs parfums. Elles se plantent partout tr\u00e8s facilement. Au jardin, sur un balcon, un rebord de fen\u00eatre ou associ\u00e9es avec les plantes potag\u00e8res, elles permettent de sublimer vos pr\u00e9parations culinaires. Indispensables, il existe de nombreuses possibilit\u00e9s de les marier dans le jardin. Choisir le bon endroit. Regroupez les plantes aromatiques en fonction de leurs<\/p>\n","protected":false},"author":2,"featured_media":467,"comment_status":"open","ping_status":"open","sticky":false,"template":"","format":"standard","meta":[],"categories":[5],"tags":[],"yoast_head":"<!-- This site is optimized with the Yoast SEO plugin v15.9 - https:\/\/yoast.com\/wordpress\/plugins\/seo\/ -->\n<title>Les plantes aromatiques. -<\/title>\n<meta name=\"description\" content=\"Les plantes aromatiques, quelle exposition, o\u00f9 les planter, le choix des vari\u00e9t\u00e9s, les associations.\" \/>\n<meta name=\"robots\" content=\"index, follow, max-snippet:-1, max-image-preview:large, max-video-preview:-1\" \/>\n<link rel=\"canonical\" href=\"https:\/\/jardinerietaberner.fr\/articles\/les-plantes-aromatiques\/\" \/>\n<meta property=\"og:locale\" content=\"fr_FR\" \/>\n<meta property=\"og:type\" content=\"article\" \/>\n<meta property=\"og:title\" content=\"Les plantes aromatiques. -\" \/>\n<meta property=\"og:description\" content=\"Les plantes aromatiques, quelle exposition, o\u00f9 les planter, le choix des vari\u00e9t\u00e9s, les associations.\" \/>\n<meta property=\"og:url\" content=\"https:\/\/jardinerietaberner.fr\/articles\/les-plantes-aromatiques\/\" \/>\n<meta property=\"article:published_time\" content=\"2021-01-25T09:15:11+00:00\" \/>\n<meta property=\"article:modified_time\" content=\"2021-12-29T14:20:04+00:00\" \/>\n<meta property=\"og:image\" content=\"https:\/\/jardinerietaberner.fr\/articles\/wp-content\/uploads\/2021\/01\/verveine-officinale.jpg\" \/>\n\t<meta property=\"og:image:width\" content=\"800\" \/>\n\t<meta property=\"og:image:height\" content=\"800\" \/>\n<meta name=\"twitter:card\" content=\"summary_large_image\" \/>\n<meta name=\"twitter:label1\" content=\"Dur\u00e9e de lecture est.\">\n\t<meta name=\"twitter:data1\" content=\"4 minutes\">\n<script type=\"application\/ld+json\" class=\"yoast-schema-graph\">{\"@context\":\"https:\/\/schema.org\",\"@graph\":[{\"@type\":\"WebSite\",\"@id\":\"https:\/\/jardinerietaberner.fr\/articles\/#website\",\"url\":\"https:\/\/jardinerietaberner.fr\/articles\/\",\"name\":\"\",\"description\":\"\",\"potentialAction\":[{\"@type\":\"SearchAction\",\"target\":\"https:\/\/jardinerietaberner.fr\/articles\/?s={search_term_string}\",\"query-input\":\"required name=search_term_string\"}],\"inLanguage\":\"fr-FR\"},{\"@type\":\"ImageObject\",\"@id\":\"https:\/\/jardinerietaberner.fr\/articles\/les-plantes-aromatiques\/#primaryimage\",\"inLanguage\":\"fr-FR\",\"url\":\"https:\/\/jardinerietaberner.fr\/articles\/wp-content\/uploads\/2021\/01\/verveine-officinale.jpg\",\"width\":800,\"height\":800},{\"@type\":\"WebPage\",\"@id\":\"https:\/\/jardinerietaberner.fr\/articles\/les-plantes-aromatiques\/#webpage\",\"url\":\"https:\/\/jardinerietaberner.fr\/articles\/les-plantes-aromatiques\/\",\"name\":\"Les plantes aromatiques. -\",\"isPartOf\":{\"@id\":\"https:\/\/jardinerietaberner.fr\/articles\/#website\"},\"primaryImageOfPage\":{\"@id\":\"https:\/\/jardinerietaberner.fr\/articles\/les-plantes-aromatiques\/#primaryimage\"},\"datePublished\":\"2021-01-25T09:15:11+00:00\",\"dateModified\":\"2021-12-29T14:20:04+00:00\",\"author\":{\"@id\":\"https:\/\/jardinerietaberner.fr\/articles\/#\/schema\/person\/f88c3122a6be0b8903125e7ee11ddf32\"},\"description\":\"Les plantes aromatiques, quelle exposition, o\\u00f9 les planter, le choix des vari\\u00e9t\\u00e9s, les associations.\",\"breadcrumb\":{\"@id\":\"https:\/\/jardinerietaberner.fr\/articles\/les-plantes-aromatiques\/#breadcrumb\"},\"inLanguage\":\"fr-FR\",\"potentialAction\":[{\"@type\":\"ReadAction\",\"target\":[\"https:\/\/jardinerietaberner.fr\/articles\/les-plantes-aromatiques\/\"]}]},{\"@type\":\"BreadcrumbList\",\"@id\":\"https:\/\/jardinerietaberner.fr\/articles\/les-plantes-aromatiques\/#breadcrumb\",\"itemListElement\":[{\"@type\":\"ListItem\",\"position\":1,\"item\":{\"@type\":\"WebPage\",\"@id\":\"https:\/\/jardinerietaberner.fr\/articles\/\",\"url\":\"https:\/\/jardinerietaberner.fr\/articles\/\",\"name\":\"Accueil\"}},{\"@type\":\"ListItem\",\"position\":2,\"item\":{\"@type\":\"WebPage\",\"@id\":\"https:\/\/jardinerietaberner.fr\/articles\/les-plantes-aromatiques\/\",\"url\":\"https:\/\/jardinerietaberner.fr\/articles\/les-plantes-aromatiques\/\",\"name\":\"Les plantes aromatiques.\"}}]},{\"@type\":\"Person\",\"@id\":\"https:\/\/jardinerietaberner.fr\/articles\/#\/schema\/person\/f88c3122a6be0b8903125e7ee11ddf32\",\"name\":\"Nicole\",\"image\":{\"@type\":\"ImageObject\",\"@id\":\"https:\/\/jardinerietaberner.fr\/articles\/#personlogo\",\"inLanguage\":\"fr-FR\",\"url\":\"https:\/\/secure.gravatar.com\/avatar\/2c5c4b879997ba96b2577c7bcba21323?s=96&d=mm&r=g\",\"caption\":\"Nicole\"}}]}<\/script>\n<!-- \/ Yoast SEO plugin. -->","_links":{"self":[{"href":"https:\/\/jardinerietaberner.fr\/articles\/wp-json\/wp\/v2\/posts\/464"}],"collection":[{"href":"https:\/\/jardinerietaberner.fr\/articles\/wp-json\/wp\/v2\/posts"}],"about":[{"href":"https:\/\/jardinerietaberner.fr\/articles\/wp-json\/wp\/v2\/types\/post"}],"author":[{"embeddable":true,"href":"https:\/\/jardinerietaberner.fr\/articles\/wp-json\/wp\/v2\/users\/2"}],"replies":[{"embeddable":true,"href":"https:\/\/jardinerietaberner.fr\/articles\/wp-json\/wp\/v2\/comments?post=464"}],"version-history":[{"count":5,"href":"https:\/\/jardinerietaberner.fr\/articles\/wp-json\/wp\/v2\/posts\/464\/revisions"}],"predecessor-version":[{"id":1128,"href":"https:\/\/jardinerietaberner.fr\/articles\/wp-json\/wp\/v2\/posts\/464\/revisions\/1128"}],"wp:featuredmedia":[{"embeddable":true,"href":"https:\/\/jardinerietaberner.fr\/articles\/wp-json\/wp\/v2\/media\/467"}],"wp:attachment":[{"href":"https:\/\/jardinerietaberner.fr\/articles\/wp-json\/wp\/v2\/media?parent=464"}],"wp:term":[{"taxonomy":"category","embeddable":true,"href":"https:\/\/jardinerietaberner.fr\/articles\/wp-json\/wp\/v2\/categories?post=464"},{"taxonomy":"post_tag","embeddable":true,"href":"https:\/\/jardinerietaberner.fr\/articles\/wp-json\/wp\/v2\/tags?post=464"}],"curies":[{"name":"wp","href":"https:\/\/api.w.org\/{rel}","templated":true}]}}