{"id":527,"date":"2021-02-01T15:39:43","date_gmt":"2021-02-01T14:39:43","guid":{"rendered":"https:\/\/jardinerietaberner.fr\/articles\/?p=527"},"modified":"2021-02-08T15:30:32","modified_gmt":"2021-02-08T14:30:32","slug":"la-plantation-des-fraisiers","status":"publish","type":"post","link":"https:\/\/jardinerietaberner.fr\/articles\/la-plantation-des-fraisiers\/","title":{"rendered":"La plantation des fraisiers."},"content":{"rendered":"\n<p>Tout le monde aime les fraises&nbsp;! Les fraisiers font parti des petits fruits facile \u00e0 cultiver.<\/p>\n\n\n\n<p>Au jardin, ou sur un balcon dans des jardini\u00e8res ou des suspensions, vous pouvez r\u00e9colter des fraises pendant de long mois.<\/p>\n\n\n\n<h2>O\u00f9 planter les fraisiers?<\/h2>\n\n\n\n<p>Les fraisiers aiment le soleil. Plantez les au soleil dans un sol meuble, frais et riche. Enrichissez le sol en lui apportant du fumier d\u00e9compos\u00e9 ou de la corne broy\u00e9e tous les ans.<\/p>\n\n\n\n<p>Les plants de fraisiers restent en place pendant 3 \u00e0 4 ans. Au del\u00e0, les plantes s\u2019\u00e9puisent et produisent beaucoup moins. Il faut donc renouveler la plantation en choisissant un autre endroit de pr\u00e9f\u00e9rence, car les fraisiers appauvrissent les sols rapidement.<\/p>\n\n\n\n<p>Vous pouvez cultiver les fraisiers en pleine terre au jardin ou dans des pots. La culture en hauteur, dans des pots ou des suspensions, permet de prot\u00e9ger les fraises des pr\u00e9dateurs, tel que les limaces. <\/p>\n\n\n\n<p>Et pourquoi pas confectionner des murs v\u00e9g\u00e9tals avec des fraises&nbsp;?<\/p>\n\n\n\n<figure class=\"wp-block-gallery columns-3 is-cropped\"><ul class=\"blocks-gallery-grid\"><li class=\"blocks-gallery-item\"><figure><img loading=\"lazy\" width=\"800\" height=\"800\" src=\"https:\/\/jardinerietaberner.fr\/articles\/wp-content\/uploads\/2021\/02\/IMG_20200405_182843717-potager-2020-2.jpg\" alt=\"\" data-id=\"533\" data-link=\"https:\/\/jardinerietaberner.fr\/articles\/?attachment_id=533\" class=\"wp-image-533\" srcset=\"https:\/\/jardinerietaberner.fr\/articles\/wp-content\/uploads\/2021\/02\/IMG_20200405_182843717-potager-2020-2.jpg 800w, https:\/\/jardinerietaberner.fr\/articles\/wp-content\/uploads\/2021\/02\/IMG_20200405_182843717-potager-2020-2-300x300.jpg 300w, https:\/\/jardinerietaberner.fr\/articles\/wp-content\/uploads\/2021\/02\/IMG_20200405_182843717-potager-2020-2-150x150.jpg 150w, https:\/\/jardinerietaberner.fr\/articles\/wp-content\/uploads\/2021\/02\/IMG_20200405_182843717-potager-2020-2-768x768.jpg 768w, https:\/\/jardinerietaberner.fr\/articles\/wp-content\/uploads\/2021\/02\/IMG_20200405_182843717-potager-2020-2-90x90.jpg 90w, https:\/\/jardinerietaberner.fr\/articles\/wp-content\/uploads\/2021\/02\/IMG_20200405_182843717-potager-2020-2-75x75.jpg 75w\" sizes=\"(max-width: 800px) 100vw, 800px\" \/><\/figure><\/li><li class=\"blocks-gallery-item\"><figure><img loading=\"lazy\" width=\"800\" height=\"800\" src=\"https:\/\/jardinerietaberner.fr\/articles\/wp-content\/uploads\/2021\/02\/IMG_20200405_182820098-potager-2020-1.jpg\" alt=\"\" data-id=\"534\" data-link=\"https:\/\/jardinerietaberner.fr\/articles\/?attachment_id=534\" class=\"wp-image-534\" srcset=\"https:\/\/jardinerietaberner.fr\/articles\/wp-content\/uploads\/2021\/02\/IMG_20200405_182820098-potager-2020-1.jpg 800w, https:\/\/jardinerietaberner.fr\/articles\/wp-content\/uploads\/2021\/02\/IMG_20200405_182820098-potager-2020-1-300x300.jpg 300w, https:\/\/jardinerietaberner.fr\/articles\/wp-content\/uploads\/2021\/02\/IMG_20200405_182820098-potager-2020-1-150x150.jpg 150w, https:\/\/jardinerietaberner.fr\/articles\/wp-content\/uploads\/2021\/02\/IMG_20200405_182820098-potager-2020-1-768x768.jpg 768w, https:\/\/jardinerietaberner.fr\/articles\/wp-content\/uploads\/2021\/02\/IMG_20200405_182820098-potager-2020-1-90x90.jpg 90w, https:\/\/jardinerietaberner.fr\/articles\/wp-content\/uploads\/2021\/02\/IMG_20200405_182820098-potager-2020-1-75x75.jpg 75w\" sizes=\"(max-width: 800px) 100vw, 800px\" \/><\/figure><\/li><li class=\"blocks-gallery-item\"><figure><img loading=\"lazy\" width=\"800\" height=\"800\" src=\"https:\/\/jardinerietaberner.fr\/articles\/wp-content\/uploads\/2021\/02\/IMG_20200504_161455964-potager-2020.jpg\" alt=\"\" data-id=\"535\" data-full-url=\"https:\/\/jardinerietaberner.fr\/articles\/wp-content\/uploads\/2021\/02\/IMG_20200504_161455964-potager-2020.jpg\" data-link=\"https:\/\/jardinerietaberner.fr\/articles\/?attachment_id=535\" class=\"wp-image-535\" srcset=\"https:\/\/jardinerietaberner.fr\/articles\/wp-content\/uploads\/2021\/02\/IMG_20200504_161455964-potager-2020.jpg 800w, https:\/\/jardinerietaberner.fr\/articles\/wp-content\/uploads\/2021\/02\/IMG_20200504_161455964-potager-2020-300x300.jpg 300w, https:\/\/jardinerietaberner.fr\/articles\/wp-content\/uploads\/2021\/02\/IMG_20200504_161455964-potager-2020-150x150.jpg 150w, https:\/\/jardinerietaberner.fr\/articles\/wp-content\/uploads\/2021\/02\/IMG_20200504_161455964-potager-2020-768x768.jpg 768w, https:\/\/jardinerietaberner.fr\/articles\/wp-content\/uploads\/2021\/02\/IMG_20200504_161455964-potager-2020-90x90.jpg 90w, https:\/\/jardinerietaberner.fr\/articles\/wp-content\/uploads\/2021\/02\/IMG_20200504_161455964-potager-2020-75x75.jpg 75w\" sizes=\"(max-width: 800px) 100vw, 800px\" \/><\/figure><\/li><\/ul><\/figure>\n\n\n\n<h2>Quand planter les fraisiers&nbsp;?<\/h2>\n\n\n\n<p>Le printemps est la saison id\u00e9ale. <\/p>\n\n\n\n<p>Les sols se r\u00e9chauffent, l\u2019installation se fera facilement. Il est aussi possible de planter en automne avant les froids pour que la plante ait le temps de s\u2019installer.<\/p>\n\n\n\n<h2>Comment planter les fraisiers&nbsp;?<\/h2>\n\n\n\n<p>Travaillez la terre, pour leurs offrir une terre bien meuble. Sortez le plant du godet de production sans casser les racines. Faites un trou d\u2019au mois 3 fois le volume du pot. Tassez la terre et arrosez copieusement. Par la suite, faites des arrosages r\u00e9guliers, tout en laissant s\u00e9cher la terre l\u00e9g\u00e8rement entre deux arrosages. Paillez pour garder la fra\u00eecheur, limiter les arrosages et les mauvaises herbes.<\/p>\n\n\n\n<p>Les plants de fraisiers se plantent tous le 25 cm en espa\u00e7ant les rang\u00e9es de 50 cm pour faciliter la r\u00e9colte.<\/p>\n\n\n\n<p>Dans une suspension de 27 cm de diam\u00e8tre, plantez 4 pieds pour avoir une belle r\u00e9colte.<\/p>\n\n\n\n<h2>Les diff\u00e9rentes vari\u00e9t\u00e9s.<\/h2>\n\n\n\n<p>Il existe deux types de vari\u00e9t\u00e9s de fraisiers&nbsp;:<\/p>\n\n\n\n<p>Les fraises remontantes produisent toute la saison. Elle comment au printemps pour finir en automne.<\/p>\n\n\n\n<p>Les fraises non remontantes produisent une seule fois au printemps. La r\u00e9colte est plus g\u00e9n\u00e9reuse mais beaucoup plus courte.<\/p>\n\n\n\n<p>Les plants que nous vous proposons \u00e0 la vente sont des plants en godets. Ils ont un syst\u00e8me racinaire d\u00e9j\u00e0 bien d\u00e9velopp\u00e9 quand vous les planter. Ils offrent donc, un gros potentiel de rendement.<\/p>\n\n\n\n<p>Il ne reste plus qu&rsquo;a vous r\u00e9galer!<\/p>\n\n\n\n<p><\/p>\n","protected":false},"excerpt":{"rendered":"<p>Tout le monde aime les fraises&nbsp;! Les fraisiers font parti des petits fruits facile \u00e0 cultiver. Au jardin, ou sur un balcon dans des jardini\u00e8res ou des suspensions, vous pouvez r\u00e9colter des fraises pendant de long mois. O\u00f9 planter les fraisiers? Les fraisiers aiment le soleil. Plantez les au soleil dans un sol meuble, frais et riche. Enrichissez le sol<\/p>\n","protected":false},"author":2,"featured_media":544,"comment_status":"open","ping_status":"open","sticky":false,"template":"","format":"standard","meta":[],"categories":[13,5],"tags":[],"yoast_head":"<!-- This site is optimized with the Yoast SEO plugin v15.9 - https:\/\/yoast.com\/wordpress\/plugins\/seo\/ -->\n<title>La plantation des fraisiers. -<\/title>\n<meta name=\"robots\" content=\"index, follow, max-snippet:-1, max-image-preview:large, max-video-preview:-1\" \/>\n<link rel=\"canonical\" href=\"https:\/\/jardinerietaberner.fr\/articles\/la-plantation-des-fraisiers\/\" \/>\n<meta property=\"og:locale\" content=\"fr_FR\" \/>\n<meta property=\"og:type\" content=\"article\" \/>\n<meta property=\"og:title\" content=\"La plantation des fraisiers. -\" \/>\n<meta property=\"og:description\" content=\"Tout le monde aime les fraises&nbsp;! Les fraisiers font parti des petits fruits facile \u00e0 cultiver. Au jardin, ou sur un balcon dans des jardini\u00e8res ou des suspensions, vous pouvez r\u00e9colter des fraises pendant de long mois. O\u00f9 planter les fraisiers? Les fraisiers aiment le soleil. Plantez les au soleil dans un sol meuble, frais et riche. Enrichissez le sol\" \/>\n<meta property=\"og:url\" content=\"https:\/\/jardinerietaberner.fr\/articles\/la-plantation-des-fraisiers\/\" \/>\n<meta property=\"article:published_time\" content=\"2021-02-01T14:39:43+00:00\" \/>\n<meta property=\"article:modified_time\" content=\"2021-02-08T14:30:32+00:00\" \/>\n<meta property=\"og:image\" content=\"https:\/\/jardinerietaberner.fr\/articles\/wp-content\/uploads\/2021\/02\/IMG_20200502_090332697_HDR-potager-2020.jpg\" \/>\n\t<meta property=\"og:image:width\" content=\"800\" \/>\n\t<meta property=\"og:image:height\" content=\"800\" \/>\n<meta name=\"twitter:card\" content=\"summary_large_image\" \/>\n<meta name=\"twitter:label1\" content=\"Dur\u00e9e de lecture est.\">\n\t<meta name=\"twitter:data1\" content=\"2 minutes\">\n<script type=\"application\/ld+json\" class=\"yoast-schema-graph\">{\"@context\":\"https:\/\/schema.org\",\"@graph\":[{\"@type\":\"WebSite\",\"@id\":\"https:\/\/jardinerietaberner.fr\/articles\/#website\",\"url\":\"https:\/\/jardinerietaberner.fr\/articles\/\",\"name\":\"\",\"description\":\"\",\"potentialAction\":[{\"@type\":\"SearchAction\",\"target\":\"https:\/\/jardinerietaberner.fr\/articles\/?s={search_term_string}\",\"query-input\":\"required name=search_term_string\"}],\"inLanguage\":\"fr-FR\"},{\"@type\":\"ImageObject\",\"@id\":\"https:\/\/jardinerietaberner.fr\/articles\/la-plantation-des-fraisiers\/#primaryimage\",\"inLanguage\":\"fr-FR\",\"url\":\"https:\/\/jardinerietaberner.fr\/articles\/wp-content\/uploads\/2021\/02\/IMG_20200502_090332697_HDR-potager-2020.jpg\",\"width\":800,\"height\":800},{\"@type\":\"WebPage\",\"@id\":\"https:\/\/jardinerietaberner.fr\/articles\/la-plantation-des-fraisiers\/#webpage\",\"url\":\"https:\/\/jardinerietaberner.fr\/articles\/la-plantation-des-fraisiers\/\",\"name\":\"La plantation des fraisiers. -\",\"isPartOf\":{\"@id\":\"https:\/\/jardinerietaberner.fr\/articles\/#website\"},\"primaryImageOfPage\":{\"@id\":\"https:\/\/jardinerietaberner.fr\/articles\/la-plantation-des-fraisiers\/#primaryimage\"},\"datePublished\":\"2021-02-01T14:39:43+00:00\",\"dateModified\":\"2021-02-08T14:30:32+00:00\",\"author\":{\"@id\":\"https:\/\/jardinerietaberner.fr\/articles\/#\/schema\/person\/f88c3122a6be0b8903125e7ee11ddf32\"},\"breadcrumb\":{\"@id\":\"https:\/\/jardinerietaberner.fr\/articles\/la-plantation-des-fraisiers\/#breadcrumb\"},\"inLanguage\":\"fr-FR\",\"potentialAction\":[{\"@type\":\"ReadAction\",\"target\":[\"https:\/\/jardinerietaberner.fr\/articles\/la-plantation-des-fraisiers\/\"]}]},{\"@type\":\"BreadcrumbList\",\"@id\":\"https:\/\/jardinerietaberner.fr\/articles\/la-plantation-des-fraisiers\/#breadcrumb\",\"itemListElement\":[{\"@type\":\"ListItem\",\"position\":1,\"item\":{\"@type\":\"WebPage\",\"@id\":\"https:\/\/jardinerietaberner.fr\/articles\/\",\"url\":\"https:\/\/jardinerietaberner.fr\/articles\/\",\"name\":\"Accueil\"}},{\"@type\":\"ListItem\",\"position\":2,\"item\":{\"@type\":\"WebPage\",\"@id\":\"https:\/\/jardinerietaberner.fr\/articles\/la-plantation-des-fraisiers\/\",\"url\":\"https:\/\/jardinerietaberner.fr\/articles\/la-plantation-des-fraisiers\/\",\"name\":\"La plantation des fraisiers.\"}}]},{\"@type\":\"Person\",\"@id\":\"https:\/\/jardinerietaberner.fr\/articles\/#\/schema\/person\/f88c3122a6be0b8903125e7ee11ddf32\",\"name\":\"Nicole\",\"image\":{\"@type\":\"ImageObject\",\"@id\":\"https:\/\/jardinerietaberner.fr\/articles\/#personlogo\",\"inLanguage\":\"fr-FR\",\"url\":\"https:\/\/secure.gravatar.com\/avatar\/2c5c4b879997ba96b2577c7bcba21323?s=96&d=mm&r=g\",\"caption\":\"Nicole\"}}]}<\/script>\n<!-- \/ Yoast SEO plugin. -->","_links":{"self":[{"href":"https:\/\/jardinerietaberner.fr\/articles\/wp-json\/wp\/v2\/posts\/527"}],"collection":[{"href":"https:\/\/jardinerietaberner.fr\/articles\/wp-json\/wp\/v2\/posts"}],"about":[{"href":"https:\/\/jardinerietaberner.fr\/articles\/wp-json\/wp\/v2\/types\/post"}],"author":[{"embeddable":true,"href":"https:\/\/jardinerietaberner.fr\/articles\/wp-json\/wp\/v2\/users\/2"}],"replies":[{"embeddable":true,"href":"https:\/\/jardinerietaberner.fr\/articles\/wp-json\/wp\/v2\/comments?post=527"}],"version-history":[{"count":6,"href":"https:\/\/jardinerietaberner.fr\/articles\/wp-json\/wp\/v2\/posts\/527\/revisions"}],"predecessor-version":[{"id":547,"href":"https:\/\/jardinerietaberner.fr\/articles\/wp-json\/wp\/v2\/posts\/527\/revisions\/547"}],"wp:featuredmedia":[{"embeddable":true,"href":"https:\/\/jardinerietaberner.fr\/articles\/wp-json\/wp\/v2\/media\/544"}],"wp:attachment":[{"href":"https:\/\/jardinerietaberner.fr\/articles\/wp-json\/wp\/v2\/media?parent=527"}],"wp:term":[{"taxonomy":"category","embeddable":true,"href":"https:\/\/jardinerietaberner.fr\/articles\/wp-json\/wp\/v2\/categories?post=527"},{"taxonomy":"post_tag","embeddable":true,"href":"https:\/\/jardinerietaberner.fr\/articles\/wp-json\/wp\/v2\/tags?post=527"}],"curies":[{"name":"wp","href":"https:\/\/api.w.org\/{rel}","templated":true}]}}