{"id":548,"date":"2021-02-08T15:48:40","date_gmt":"2021-02-08T14:48:40","guid":{"rendered":"https:\/\/jardinerietaberner.fr\/articles\/?p=548"},"modified":"2021-11-25T10:49:31","modified_gmt":"2021-11-25T09:49:31","slug":"la-clematite-armandii","status":"publish","type":"post","link":"https:\/\/jardinerietaberner.fr\/articles\/la-clematite-armandii\/","title":{"rendered":"La cl\u00e9matite Armandii"},"content":{"rendered":"\n<p>Une cl\u00e9matite originale, que l\u2019on remarque&nbsp;!<\/p>\n\n\n\n<h2>Pr\u00e9sentation.<\/h2>\n\n\n\n<p>Cette cl\u00e9matite a la particularit\u00e9 de fleurir d\u00e8s le mois de mars. Sa floraison tr\u00e8s pr\u00e9coce est d\u00e9licieusement parfum\u00e9e. Les fleurs, en forme de petites \u00e9toiles regroup\u00e9es en bouquets&nbsp; fleurissent en abondance. Elles s\u2019\u00e9panouissent pendant deux mois.<\/p>\n\n\n\n<p>La cl\u00e9matite armandii a un feuillage persistant, luxuriant, tr\u00e8s d\u00e9coratif. Toute l\u2019ann\u00e9e, vous profitez de ses grandes feuilles \u00e9paisses verniss\u00e9es.<\/p>\n\n\n\n<p>Elle peut atteindre une hauteur de 6 \u00e0 8 m\u00e8tres. Elle garnie rapidement un grillage ou une pergola en s\u2019enroulant autour du support. C\u2019est une esp\u00e8ce au d\u00e9veloppement vigoureux et tr\u00e8s r\u00e9sistant. Une fois install\u00e9e, elle r\u00e9siste bien \u00e0 la s\u00e8cheresse.<\/p>\n\n\n\n<figure class=\"wp-block-gallery columns-3 is-cropped\"><ul class=\"blocks-gallery-grid\"><li class=\"blocks-gallery-item\"><figure><img loading=\"lazy\" width=\"800\" height=\"800\" src=\"https:\/\/jardinerietaberner.fr\/articles\/wp-content\/uploads\/2021\/02\/clematite-armandi-2-2006.jpg\" alt=\"\" data-id=\"551\" data-link=\"https:\/\/jardinerietaberner.fr\/articles\/?attachment_id=551\" class=\"wp-image-551\" srcset=\"https:\/\/jardinerietaberner.fr\/articles\/wp-content\/uploads\/2021\/02\/clematite-armandi-2-2006.jpg 800w, https:\/\/jardinerietaberner.fr\/articles\/wp-content\/uploads\/2021\/02\/clematite-armandi-2-2006-300x300.jpg 300w, https:\/\/jardinerietaberner.fr\/articles\/wp-content\/uploads\/2021\/02\/clematite-armandi-2-2006-150x150.jpg 150w, https:\/\/jardinerietaberner.fr\/articles\/wp-content\/uploads\/2021\/02\/clematite-armandi-2-2006-768x768.jpg 768w, https:\/\/jardinerietaberner.fr\/articles\/wp-content\/uploads\/2021\/02\/clematite-armandi-2-2006-90x90.jpg 90w, https:\/\/jardinerietaberner.fr\/articles\/wp-content\/uploads\/2021\/02\/clematite-armandi-2-2006-75x75.jpg 75w\" sizes=\"(max-width: 800px) 100vw, 800px\" \/><\/figure><\/li><li class=\"blocks-gallery-item\"><figure><img loading=\"lazy\" width=\"800\" height=\"800\" src=\"https:\/\/jardinerietaberner.fr\/articles\/wp-content\/uploads\/2021\/02\/clematite-armandi-1-2006-1.jpg\" alt=\"\" data-id=\"552\" data-link=\"https:\/\/jardinerietaberner.fr\/articles\/?attachment_id=552\" class=\"wp-image-552\" srcset=\"https:\/\/jardinerietaberner.fr\/articles\/wp-content\/uploads\/2021\/02\/clematite-armandi-1-2006-1.jpg 800w, https:\/\/jardinerietaberner.fr\/articles\/wp-content\/uploads\/2021\/02\/clematite-armandi-1-2006-1-300x300.jpg 300w, https:\/\/jardinerietaberner.fr\/articles\/wp-content\/uploads\/2021\/02\/clematite-armandi-1-2006-1-150x150.jpg 150w, https:\/\/jardinerietaberner.fr\/articles\/wp-content\/uploads\/2021\/02\/clematite-armandi-1-2006-1-768x768.jpg 768w, https:\/\/jardinerietaberner.fr\/articles\/wp-content\/uploads\/2021\/02\/clematite-armandi-1-2006-1-90x90.jpg 90w, https:\/\/jardinerietaberner.fr\/articles\/wp-content\/uploads\/2021\/02\/clematite-armandi-1-2006-1-75x75.jpg 75w\" sizes=\"(max-width: 800px) 100vw, 800px\" \/><\/figure><\/li><li class=\"blocks-gallery-item\"><figure><img loading=\"lazy\" width=\"800\" height=\"800\" src=\"https:\/\/jardinerietaberner.fr\/articles\/wp-content\/uploads\/2021\/02\/clematite-armandii-2020-2.jpg\" alt=\"\" data-id=\"553\" data-full-url=\"https:\/\/jardinerietaberner.fr\/articles\/wp-content\/uploads\/2021\/02\/clematite-armandii-2020-2.jpg\" data-link=\"https:\/\/jardinerietaberner.fr\/articles\/?attachment_id=553\" class=\"wp-image-553\" srcset=\"https:\/\/jardinerietaberner.fr\/articles\/wp-content\/uploads\/2021\/02\/clematite-armandii-2020-2.jpg 800w, https:\/\/jardinerietaberner.fr\/articles\/wp-content\/uploads\/2021\/02\/clematite-armandii-2020-2-300x300.jpg 300w, https:\/\/jardinerietaberner.fr\/articles\/wp-content\/uploads\/2021\/02\/clematite-armandii-2020-2-150x150.jpg 150w, https:\/\/jardinerietaberner.fr\/articles\/wp-content\/uploads\/2021\/02\/clematite-armandii-2020-2-768x768.jpg 768w, https:\/\/jardinerietaberner.fr\/articles\/wp-content\/uploads\/2021\/02\/clematite-armandii-2020-2-90x90.jpg 90w, https:\/\/jardinerietaberner.fr\/articles\/wp-content\/uploads\/2021\/02\/clematite-armandii-2020-2-75x75.jpg 75w\" sizes=\"(max-width: 800px) 100vw, 800px\" \/><\/figure><\/li><\/ul><\/figure>\n\n\n\n<h2>La plantation.<\/h2>\n\n\n\n<p>Creusez un trou le plus grand possible, au moins trois fois le volume du pot. Il est important d\u2019avoir un m\u00e9lange bien drainant et riche. <\/p>\n\n\n\n<p>Rajoutez du terreau \u00e0 la terre du jardin et fertilisez la avec un apport de fumier d\u00e9compos\u00e9.<\/p>\n\n\n\n<p>D\u00e9potez la plante en enlevant le pot sans casser les racines.<\/p>\n\n\n\n<p>Rebouchez le trou avec la terre enrichie.<\/p>\n\n\n\n<p>Faites une cuvette autour de la plante pour faciliter l\u2019arrosage.<\/p>\n\n\n\n<p>&nbsp;Arrosez abondamment pour tasser la terre autour des racines.<\/p>\n\n\n\n<p>Fixez la cl\u00e9matite au support gr\u00e2ce \u00e0 un lien assez l\u00e2che pour ne pas blesser la plante. La plante est tr\u00e8s volubile, elle s\u2019enroulera toute seule au fur et \u00e0 mesure de sa croissance.<\/p>\n\n\n\n<h2>La taille.<\/h2>\n\n\n\n<p>Apr\u00e8s la floraison, taillez la plante en rabattant les tiges d\u2019un tiers et en supprimant les fleurs fan\u00e9es.<\/p>\n\n\n\n<p>La taille permet d\u2019avoir une plante bien ramifier et compact. Elle pr\u00e9pare aussi, la future floraison en ayant une plante plus forte.<\/p>\n\n\n\n<p>Taillez les bois morts et les tiges trop fines.<\/p>\n\n\n\n<p><\/p>\n\n\n\n<p>De culture tr\u00e8s facile, cette cl\u00e9matite m\u00e9rite une place dans votre jardin!<\/p>\n\n\n\n<p>Pour voir nos plantes \u00e0 la jardinerie :<\/p>\n\n\n\n<p><a href=\"https:\/\/jardinerietaberner.fr\/fleurs\/139-clematite-armandii.html\">https:\/\/jardinerietaberner.fr\/fleurs\/139-clematite-armandii.html<\/a><\/p>\n","protected":false},"excerpt":{"rendered":"<p>Une cl\u00e9matite originale, que l\u2019on remarque&nbsp;! Pr\u00e9sentation. Cette cl\u00e9matite a la particularit\u00e9 de fleurir d\u00e8s le mois de mars. Sa floraison tr\u00e8s pr\u00e9coce est d\u00e9licieusement parfum\u00e9e. Les fleurs, en forme de petites \u00e9toiles regroup\u00e9es en bouquets&nbsp; fleurissent en abondance. Elles s\u2019\u00e9panouissent pendant deux mois. La cl\u00e9matite armandii a un feuillage persistant, luxuriant, tr\u00e8s d\u00e9coratif. Toute l\u2019ann\u00e9e, vous profitez de ses<\/p>\n","protected":false},"author":2,"featured_media":549,"comment_status":"open","ping_status":"open","sticky":false,"template":"","format":"standard","meta":[],"categories":[10,7],"tags":[],"yoast_head":"<!-- This site is optimized with the Yoast SEO plugin v15.9 - https:\/\/yoast.com\/wordpress\/plugins\/seo\/ -->\n<title>La cl\u00e9matite Armandii -<\/title>\n<meta name=\"robots\" content=\"index, follow, max-snippet:-1, max-image-preview:large, max-video-preview:-1\" \/>\n<link rel=\"canonical\" href=\"https:\/\/jardinerietaberner.fr\/articles\/la-clematite-armandii\/\" \/>\n<meta property=\"og:locale\" content=\"fr_FR\" \/>\n<meta property=\"og:type\" content=\"article\" \/>\n<meta property=\"og:title\" content=\"La cl\u00e9matite Armandii -\" \/>\n<meta property=\"og:description\" content=\"Une cl\u00e9matite originale, que l\u2019on remarque&nbsp;! Pr\u00e9sentation. Cette cl\u00e9matite a la particularit\u00e9 de fleurir d\u00e8s le mois de mars. Sa floraison tr\u00e8s pr\u00e9coce est d\u00e9licieusement parfum\u00e9e. Les fleurs, en forme de petites \u00e9toiles regroup\u00e9es en bouquets&nbsp; fleurissent en abondance. Elles s\u2019\u00e9panouissent pendant deux mois. La cl\u00e9matite armandii a un feuillage persistant, luxuriant, tr\u00e8s d\u00e9coratif. Toute l\u2019ann\u00e9e, vous profitez de ses\" \/>\n<meta property=\"og:url\" content=\"https:\/\/jardinerietaberner.fr\/articles\/la-clematite-armandii\/\" \/>\n<meta property=\"article:published_time\" content=\"2021-02-08T14:48:40+00:00\" \/>\n<meta property=\"article:modified_time\" content=\"2021-11-25T09:49:31+00:00\" \/>\n<meta property=\"og:image\" content=\"https:\/\/jardinerietaberner.fr\/articles\/wp-content\/uploads\/2021\/02\/clematite-armandi-1-2006.jpg\" \/>\n\t<meta property=\"og:image:width\" content=\"800\" \/>\n\t<meta property=\"og:image:height\" content=\"800\" \/>\n<meta name=\"twitter:card\" content=\"summary_large_image\" \/>\n<meta name=\"twitter:label1\" content=\"Dur\u00e9e de lecture est.\">\n\t<meta name=\"twitter:data1\" content=\"2 minutes\">\n<script type=\"application\/ld+json\" class=\"yoast-schema-graph\">{\"@context\":\"https:\/\/schema.org\",\"@graph\":[{\"@type\":\"WebSite\",\"@id\":\"https:\/\/jardinerietaberner.fr\/articles\/#website\",\"url\":\"https:\/\/jardinerietaberner.fr\/articles\/\",\"name\":\"\",\"description\":\"\",\"potentialAction\":[{\"@type\":\"SearchAction\",\"target\":\"https:\/\/jardinerietaberner.fr\/articles\/?s={search_term_string}\",\"query-input\":\"required name=search_term_string\"}],\"inLanguage\":\"fr-FR\"},{\"@type\":\"ImageObject\",\"@id\":\"https:\/\/jardinerietaberner.fr\/articles\/la-clematite-armandii\/#primaryimage\",\"inLanguage\":\"fr-FR\",\"url\":\"https:\/\/jardinerietaberner.fr\/articles\/wp-content\/uploads\/2021\/02\/clematite-armandi-1-2006.jpg\",\"width\":800,\"height\":800},{\"@type\":\"WebPage\",\"@id\":\"https:\/\/jardinerietaberner.fr\/articles\/la-clematite-armandii\/#webpage\",\"url\":\"https:\/\/jardinerietaberner.fr\/articles\/la-clematite-armandii\/\",\"name\":\"La cl\\u00e9matite Armandii -\",\"isPartOf\":{\"@id\":\"https:\/\/jardinerietaberner.fr\/articles\/#website\"},\"primaryImageOfPage\":{\"@id\":\"https:\/\/jardinerietaberner.fr\/articles\/la-clematite-armandii\/#primaryimage\"},\"datePublished\":\"2021-02-08T14:48:40+00:00\",\"dateModified\":\"2021-11-25T09:49:31+00:00\",\"author\":{\"@id\":\"https:\/\/jardinerietaberner.fr\/articles\/#\/schema\/person\/f88c3122a6be0b8903125e7ee11ddf32\"},\"breadcrumb\":{\"@id\":\"https:\/\/jardinerietaberner.fr\/articles\/la-clematite-armandii\/#breadcrumb\"},\"inLanguage\":\"fr-FR\",\"potentialAction\":[{\"@type\":\"ReadAction\",\"target\":[\"https:\/\/jardinerietaberner.fr\/articles\/la-clematite-armandii\/\"]}]},{\"@type\":\"BreadcrumbList\",\"@id\":\"https:\/\/jardinerietaberner.fr\/articles\/la-clematite-armandii\/#breadcrumb\",\"itemListElement\":[{\"@type\":\"ListItem\",\"position\":1,\"item\":{\"@type\":\"WebPage\",\"@id\":\"https:\/\/jardinerietaberner.fr\/articles\/\",\"url\":\"https:\/\/jardinerietaberner.fr\/articles\/\",\"name\":\"Accueil\"}},{\"@type\":\"ListItem\",\"position\":2,\"item\":{\"@type\":\"WebPage\",\"@id\":\"https:\/\/jardinerietaberner.fr\/articles\/la-clematite-armandii\/\",\"url\":\"https:\/\/jardinerietaberner.fr\/articles\/la-clematite-armandii\/\",\"name\":\"La cl\\u00e9matite Armandii\"}}]},{\"@type\":\"Person\",\"@id\":\"https:\/\/jardinerietaberner.fr\/articles\/#\/schema\/person\/f88c3122a6be0b8903125e7ee11ddf32\",\"name\":\"Nicole\",\"image\":{\"@type\":\"ImageObject\",\"@id\":\"https:\/\/jardinerietaberner.fr\/articles\/#personlogo\",\"inLanguage\":\"fr-FR\",\"url\":\"https:\/\/secure.gravatar.com\/avatar\/2c5c4b879997ba96b2577c7bcba21323?s=96&d=mm&r=g\",\"caption\":\"Nicole\"}}]}<\/script>\n<!-- \/ Yoast SEO plugin. -->","_links":{"self":[{"href":"https:\/\/jardinerietaberner.fr\/articles\/wp-json\/wp\/v2\/posts\/548"}],"collection":[{"href":"https:\/\/jardinerietaberner.fr\/articles\/wp-json\/wp\/v2\/posts"}],"about":[{"href":"https:\/\/jardinerietaberner.fr\/articles\/wp-json\/wp\/v2\/types\/post"}],"author":[{"embeddable":true,"href":"https:\/\/jardinerietaberner.fr\/articles\/wp-json\/wp\/v2\/users\/2"}],"replies":[{"embeddable":true,"href":"https:\/\/jardinerietaberner.fr\/articles\/wp-json\/wp\/v2\/comments?post=548"}],"version-history":[{"count":5,"href":"https:\/\/jardinerietaberner.fr\/articles\/wp-json\/wp\/v2\/posts\/548\/revisions"}],"predecessor-version":[{"id":866,"href":"https:\/\/jardinerietaberner.fr\/articles\/wp-json\/wp\/v2\/posts\/548\/revisions\/866"}],"wp:featuredmedia":[{"embeddable":true,"href":"https:\/\/jardinerietaberner.fr\/articles\/wp-json\/wp\/v2\/media\/549"}],"wp:attachment":[{"href":"https:\/\/jardinerietaberner.fr\/articles\/wp-json\/wp\/v2\/media?parent=548"}],"wp:term":[{"taxonomy":"category","embeddable":true,"href":"https:\/\/jardinerietaberner.fr\/articles\/wp-json\/wp\/v2\/categories?post=548"},{"taxonomy":"post_tag","embeddable":true,"href":"https:\/\/jardinerietaberner.fr\/articles\/wp-json\/wp\/v2\/tags?post=548"}],"curies":[{"name":"wp","href":"https:\/\/api.w.org\/{rel}","templated":true}]}}