{"id":557,"date":"2021-02-08T17:00:28","date_gmt":"2021-02-08T16:00:28","guid":{"rendered":"https:\/\/jardinerietaberner.fr\/articles\/?p=557"},"modified":"2021-11-25T10:47:55","modified_gmt":"2021-11-25T09:47:55","slug":"le-framboisier","status":"publish","type":"post","link":"https:\/\/jardinerietaberner.fr\/articles\/le-framboisier\/","title":{"rendered":"Le framboisier."},"content":{"rendered":"\n<p>Le framboisier est un arbuste cultiv\u00e9 pour le plaisir de tous. Tr\u00e8s g\u00e9n\u00e9reux, il offre une g\u00e9n\u00e9reuse production de d\u00e9licieux fruits.<\/p>\n\n\n\n<h2>La plantation du framboisier.<\/h2>\n\n\n\n<p>Le framboisier se plante dans une terre riche et meuble, dans un sol bien drain\u00e9.<\/p>\n\n\n\n<p>Il appr\u00e9cie le soleil ou la mi-ombre.<\/p>\n\n\n\n<p>C\u2019est une plante rustique qui supporte tr\u00e8s bien le froid. Il \u00e9met de nombreux rejets qui assurent les futures productions, pr\u00e9voyez un espacement de 80 cm entre les plants.<\/p>\n\n\n\n<p>Le framboisier pousse jusqu\u2019\u00e0 1 m \u00e0 1,50 m de haut. Il faut donc le palisser pour faciliter la r\u00e9colte.<\/p>\n\n\n\n<p>Les tiges au feuillage caduc, sont l\u00e9g\u00e8rement \u00e9pineuses.<\/p>\n\n\n\n<p>Il fleurit en juin, floraison discr\u00e8te qui produit des fruits une ou plusieurs fois dans l\u2019ann\u00e9e en fonction de la vari\u00e9t\u00e9.<\/p>\n\n\n\n<p>Vous pouvez aussi le planter dans un grand pot ou une jardini\u00e8re d\u2019au moins 50 cm de profondeur.<\/p>\n\n\n\n<h2>L&rsquo;entretien.<\/h2>\n\n\n\n<p>Fertilisez le sol en apportant du fumier d\u00e9compos\u00e9 au pied deux fois par an.<\/p>\n\n\n\n<p>Arrosez r\u00e9guli\u00e8rement en maintenant un sol frais mais non satur\u00e9 en eau. Laissez l\u00e9g\u00e8rement s\u00e9cher la terre entre deux arrosages.<\/p>\n\n\n\n<p>Paillez le sol, pour limiter l&rsquo;\u00e9vaporation et ainsi, r\u00e9duire le nombre d&rsquo;arrosages.<\/p>\n\n\n\n<p>Palissez pour faciliter la r\u00e9colte.<\/p>\n\n\n\n<h2>La taille.<\/h2>\n\n\n\n<p>Pour les vari\u00e9t\u00e9s non remontantes, taillez les pousses qui ont donn\u00e9 des fruits.<\/p>\n\n\n\n<p>Pour les vari\u00e9t\u00e9s remontantes, taillez au printemps les pousses s\u00e8ches qui ont donn\u00e9 des fruits l\u2019ann\u00e9e pr\u00e9c\u00e9dente. De nouvelles pousses vont appara\u00eetre. Ces derni\u00e8res vont donner une premi\u00e8re production dans la saison. Apr\u00e8s la r\u00e9colte, taillez que la partie de la tige qui a produit, c\u2019est \u00e0 dire, juste sous les grappes des fruits. La partie de la tige que vous n\u2019avez pas tailler produira des fruits l\u2019ann\u00e9e prochaine au d\u00e9but du printemps. Vous aurez donc deux productions. La premi\u00e8re sur les tiges de l\u2019ann\u00e9e pr\u00e9c\u00e9dente. La seconde, en bout des nouvelles tiges de l\u2019ann\u00e9e.<\/p>\n\n\n\n<p>Pour voir les plants de framboisier \u00e0 la vente :<\/p>\n\n\n\n<p> <a href=\"https:\/\/jardinerietaberner.fr\/potagerfruitier\/77-amandier.html\">https:\/\/jardinerietaberner.fr\/potagerfruitier\/77-amandier.html<\/a><\/p>\n","protected":false},"excerpt":{"rendered":"<p>Le framboisier est un arbuste cultiv\u00e9 pour le plaisir de tous. Tr\u00e8s g\u00e9n\u00e9reux, il offre une g\u00e9n\u00e9reuse production de d\u00e9licieux fruits. La plantation du framboisier. Le framboisier se plante dans une terre riche et meuble, dans un sol bien drain\u00e9. Il appr\u00e9cie le soleil ou la mi-ombre. C\u2019est une plante rustique qui supporte tr\u00e8s bien le froid. Il \u00e9met de<\/p>\n","protected":false},"author":2,"featured_media":558,"comment_status":"open","ping_status":"open","sticky":false,"template":"","format":"standard","meta":[],"categories":[5],"tags":[],"yoast_head":"<!-- This site is optimized with the Yoast SEO plugin v15.9 - https:\/\/yoast.com\/wordpress\/plugins\/seo\/ -->\n<title>Le framboisier. -<\/title>\n<meta name=\"description\" content=\"Tout savoir sur la plantation, l&#039;entretien, la r\u00e9colte. Comment tailler un framboisier remontant ou non remontant.\" \/>\n<meta name=\"robots\" content=\"index, follow, max-snippet:-1, max-image-preview:large, max-video-preview:-1\" \/>\n<link rel=\"canonical\" href=\"https:\/\/jardinerietaberner.fr\/articles\/le-framboisier\/\" \/>\n<meta property=\"og:locale\" content=\"fr_FR\" \/>\n<meta property=\"og:type\" content=\"article\" \/>\n<meta property=\"og:title\" content=\"Le framboisier. -\" \/>\n<meta property=\"og:description\" content=\"Tout savoir sur la plantation, l&#039;entretien, la r\u00e9colte. Comment tailler un framboisier remontant ou non remontant.\" \/>\n<meta property=\"og:url\" content=\"https:\/\/jardinerietaberner.fr\/articles\/le-framboisier\/\" \/>\n<meta property=\"article:published_time\" content=\"2021-02-08T16:00:28+00:00\" \/>\n<meta property=\"article:modified_time\" content=\"2021-11-25T09:47:55+00:00\" \/>\n<meta property=\"og:image\" content=\"https:\/\/jardinerietaberner.fr\/articles\/wp-content\/uploads\/2021\/02\/framboisier.jpg\" \/>\n\t<meta property=\"og:image:width\" content=\"800\" \/>\n\t<meta property=\"og:image:height\" content=\"800\" \/>\n<meta name=\"twitter:card\" content=\"summary_large_image\" \/>\n<meta name=\"twitter:label1\" content=\"Dur\u00e9e de lecture est.\">\n\t<meta name=\"twitter:data1\" content=\"2 minutes\">\n<script type=\"application\/ld+json\" class=\"yoast-schema-graph\">{\"@context\":\"https:\/\/schema.org\",\"@graph\":[{\"@type\":\"WebSite\",\"@id\":\"https:\/\/jardinerietaberner.fr\/articles\/#website\",\"url\":\"https:\/\/jardinerietaberner.fr\/articles\/\",\"name\":\"\",\"description\":\"\",\"potentialAction\":[{\"@type\":\"SearchAction\",\"target\":\"https:\/\/jardinerietaberner.fr\/articles\/?s={search_term_string}\",\"query-input\":\"required name=search_term_string\"}],\"inLanguage\":\"fr-FR\"},{\"@type\":\"ImageObject\",\"@id\":\"https:\/\/jardinerietaberner.fr\/articles\/le-framboisier\/#primaryimage\",\"inLanguage\":\"fr-FR\",\"url\":\"https:\/\/jardinerietaberner.fr\/articles\/wp-content\/uploads\/2021\/02\/framboisier.jpg\",\"width\":800,\"height\":800},{\"@type\":\"WebPage\",\"@id\":\"https:\/\/jardinerietaberner.fr\/articles\/le-framboisier\/#webpage\",\"url\":\"https:\/\/jardinerietaberner.fr\/articles\/le-framboisier\/\",\"name\":\"Le framboisier. -\",\"isPartOf\":{\"@id\":\"https:\/\/jardinerietaberner.fr\/articles\/#website\"},\"primaryImageOfPage\":{\"@id\":\"https:\/\/jardinerietaberner.fr\/articles\/le-framboisier\/#primaryimage\"},\"datePublished\":\"2021-02-08T16:00:28+00:00\",\"dateModified\":\"2021-11-25T09:47:55+00:00\",\"author\":{\"@id\":\"https:\/\/jardinerietaberner.fr\/articles\/#\/schema\/person\/f88c3122a6be0b8903125e7ee11ddf32\"},\"description\":\"Tout savoir sur la plantation, l'entretien, la r\\u00e9colte. Comment tailler un framboisier remontant ou non remontant.\",\"breadcrumb\":{\"@id\":\"https:\/\/jardinerietaberner.fr\/articles\/le-framboisier\/#breadcrumb\"},\"inLanguage\":\"fr-FR\",\"potentialAction\":[{\"@type\":\"ReadAction\",\"target\":[\"https:\/\/jardinerietaberner.fr\/articles\/le-framboisier\/\"]}]},{\"@type\":\"BreadcrumbList\",\"@id\":\"https:\/\/jardinerietaberner.fr\/articles\/le-framboisier\/#breadcrumb\",\"itemListElement\":[{\"@type\":\"ListItem\",\"position\":1,\"item\":{\"@type\":\"WebPage\",\"@id\":\"https:\/\/jardinerietaberner.fr\/articles\/\",\"url\":\"https:\/\/jardinerietaberner.fr\/articles\/\",\"name\":\"Accueil\"}},{\"@type\":\"ListItem\",\"position\":2,\"item\":{\"@type\":\"WebPage\",\"@id\":\"https:\/\/jardinerietaberner.fr\/articles\/le-framboisier\/\",\"url\":\"https:\/\/jardinerietaberner.fr\/articles\/le-framboisier\/\",\"name\":\"Le framboisier.\"}}]},{\"@type\":\"Person\",\"@id\":\"https:\/\/jardinerietaberner.fr\/articles\/#\/schema\/person\/f88c3122a6be0b8903125e7ee11ddf32\",\"name\":\"Nicole\",\"image\":{\"@type\":\"ImageObject\",\"@id\":\"https:\/\/jardinerietaberner.fr\/articles\/#personlogo\",\"inLanguage\":\"fr-FR\",\"url\":\"https:\/\/secure.gravatar.com\/avatar\/2c5c4b879997ba96b2577c7bcba21323?s=96&d=mm&r=g\",\"caption\":\"Nicole\"}}]}<\/script>\n<!-- \/ Yoast SEO plugin. -->","_links":{"self":[{"href":"https:\/\/jardinerietaberner.fr\/articles\/wp-json\/wp\/v2\/posts\/557"}],"collection":[{"href":"https:\/\/jardinerietaberner.fr\/articles\/wp-json\/wp\/v2\/posts"}],"about":[{"href":"https:\/\/jardinerietaberner.fr\/articles\/wp-json\/wp\/v2\/types\/post"}],"author":[{"embeddable":true,"href":"https:\/\/jardinerietaberner.fr\/articles\/wp-json\/wp\/v2\/users\/2"}],"replies":[{"embeddable":true,"href":"https:\/\/jardinerietaberner.fr\/articles\/wp-json\/wp\/v2\/comments?post=557"}],"version-history":[{"count":3,"href":"https:\/\/jardinerietaberner.fr\/articles\/wp-json\/wp\/v2\/posts\/557\/revisions"}],"predecessor-version":[{"id":807,"href":"https:\/\/jardinerietaberner.fr\/articles\/wp-json\/wp\/v2\/posts\/557\/revisions\/807"}],"wp:featuredmedia":[{"embeddable":true,"href":"https:\/\/jardinerietaberner.fr\/articles\/wp-json\/wp\/v2\/media\/558"}],"wp:attachment":[{"href":"https:\/\/jardinerietaberner.fr\/articles\/wp-json\/wp\/v2\/media?parent=557"}],"wp:term":[{"taxonomy":"category","embeddable":true,"href":"https:\/\/jardinerietaberner.fr\/articles\/wp-json\/wp\/v2\/categories?post=557"},{"taxonomy":"post_tag","embeddable":true,"href":"https:\/\/jardinerietaberner.fr\/articles\/wp-json\/wp\/v2\/tags?post=557"}],"curies":[{"name":"wp","href":"https:\/\/api.w.org\/{rel}","templated":true}]}}