{"id":575,"date":"2022-02-11T09:11:07","date_gmt":"2022-02-11T08:11:07","guid":{"rendered":"https:\/\/jardinerietaberner.fr\/articles\/?p=575"},"modified":"2022-02-18T09:13:58","modified_gmt":"2022-02-18T08:13:58","slug":"un-mur-de-legume","status":"publish","type":"post","link":"https:\/\/jardinerietaberner.fr\/articles\/un-mur-de-legume\/","title":{"rendered":"UN MUR DE LEGUME."},"content":{"rendered":"\n<h2>Pourquoi ne pas planter un potager \u00e0 la verticale ?<\/h2>\n\n\n\n<p>Gain de place, facilit\u00e9 pour la cueillette, la culture \u00e0 la verticale apporte une touche originale \u00e0 votre potager.<\/p>\n\n\n\n<p>On pense facilement aux haricots \u00e0 rames et aux petits pois, mais les concombres, les cornichons, les chayottes, les courgettes et aussi les melons peuvent se tuteurer \u00e0 la verticale.<\/p>\n\n\n\n<p>Surprenant&nbsp;?<\/p>\n\n\n\n<p>N\u2019ayez pas peur, les tiges supporteront le poids du melon. En effet, le p\u00e9doncule du melon se fortifiera au fur et \u00e0 mesure que le melon grossi.<\/p>\n\n\n\n<h2>Les avantages d&rsquo;un potager \u00e0 la verticale.<\/h2>\n\n\n\n<p>La culture \u00e0 la verticale apporte aussi de nombreux avantages. Un gain de place significatif, mais aussi, une meilleure exposition du feuillage et des fruits \u00e0 la lumi\u00e8re.<\/p>\n\n\n\n<p>Les fruits ne sont plus en contact avec le sol, ils m\u00fbrissent donc correctement d&rsquo;une mani\u00e8re homog\u00e8ne. Ils sont aussi \u00e0 l&rsquo;abri des limaces.<\/p>\n\n\n\n<p>La r\u00e9colte est facilit\u00e9e. Plus besoin de se baisser pour cueillir les fruits ou les l\u00e9gumes. La cueillette devient un vrai plaisir.<\/p>\n\n\n\n<p>L&rsquo;a\u00e9ration du feuillage le pr\u00e9serve \u00e9galement des maladies d\u00fb \u00e0 l&rsquo;humidit\u00e9 stagnante.<\/p>\n\n\n\n<figure class=\"wp-block-gallery columns-3 is-cropped\"><ul class=\"blocks-gallery-grid\"><li class=\"blocks-gallery-item\"><figure><img loading=\"lazy\" width=\"1024\" height=\"1024\" src=\"https:\/\/jardinerietaberner.fr\/articles\/wp-content\/uploads\/2021\/07\/potager-vertical12-1024x1024.jpg\" alt=\"\" data-id=\"634\" data-link=\"https:\/\/jardinerietaberner.fr\/articles\/?attachment_id=634\" class=\"wp-image-634\" srcset=\"https:\/\/jardinerietaberner.fr\/articles\/wp-content\/uploads\/2021\/07\/potager-vertical12-1024x1024.jpg 1024w, https:\/\/jardinerietaberner.fr\/articles\/wp-content\/uploads\/2021\/07\/potager-vertical12-300x300.jpg 300w, https:\/\/jardinerietaberner.fr\/articles\/wp-content\/uploads\/2021\/07\/potager-vertical12-150x150.jpg 150w, https:\/\/jardinerietaberner.fr\/articles\/wp-content\/uploads\/2021\/07\/potager-vertical12-768x768.jpg 768w, https:\/\/jardinerietaberner.fr\/articles\/wp-content\/uploads\/2021\/07\/potager-vertical12-1536x1536.jpg 1536w, https:\/\/jardinerietaberner.fr\/articles\/wp-content\/uploads\/2021\/07\/potager-vertical12-2048x2048.jpg 2048w, https:\/\/jardinerietaberner.fr\/articles\/wp-content\/uploads\/2021\/07\/potager-vertical12-90x90.jpg 90w, https:\/\/jardinerietaberner.fr\/articles\/wp-content\/uploads\/2021\/07\/potager-vertical12-75x75.jpg 75w\" sizes=\"(max-width: 1024px) 100vw, 1024px\" \/><figcaption class=\"blocks-gallery-item__caption\">plant de concombre<\/figcaption><\/figure><\/li><li class=\"blocks-gallery-item\"><figure><img loading=\"lazy\" width=\"1024\" height=\"1024\" src=\"https:\/\/jardinerietaberner.fr\/articles\/wp-content\/uploads\/2021\/07\/potager-vertical16-1024x1024.jpg\" alt=\"\" data-id=\"635\" data-link=\"https:\/\/jardinerietaberner.fr\/articles\/?attachment_id=635\" class=\"wp-image-635\" srcset=\"https:\/\/jardinerietaberner.fr\/articles\/wp-content\/uploads\/2021\/07\/potager-vertical16-1024x1024.jpg 1024w, https:\/\/jardinerietaberner.fr\/articles\/wp-content\/uploads\/2021\/07\/potager-vertical16-300x300.jpg 300w, https:\/\/jardinerietaberner.fr\/articles\/wp-content\/uploads\/2021\/07\/potager-vertical16-150x150.jpg 150w, https:\/\/jardinerietaberner.fr\/articles\/wp-content\/uploads\/2021\/07\/potager-vertical16-768x768.jpg 768w, https:\/\/jardinerietaberner.fr\/articles\/wp-content\/uploads\/2021\/07\/potager-vertical16-1536x1536.jpg 1536w, https:\/\/jardinerietaberner.fr\/articles\/wp-content\/uploads\/2021\/07\/potager-vertical16-2048x2048.jpg 2048w, https:\/\/jardinerietaberner.fr\/articles\/wp-content\/uploads\/2021\/07\/potager-vertical16-90x90.jpg 90w, https:\/\/jardinerietaberner.fr\/articles\/wp-content\/uploads\/2021\/07\/potager-vertical16-75x75.jpg 75w\" sizes=\"(max-width: 1024px) 100vw, 1024px\" \/><figcaption class=\"blocks-gallery-item__caption\">Plant de concombre<\/figcaption><\/figure><\/li><li class=\"blocks-gallery-item\"><figure><img loading=\"lazy\" width=\"1024\" height=\"1024\" src=\"https:\/\/jardinerietaberner.fr\/articles\/wp-content\/uploads\/2021\/07\/potager-vertical18-1024x1024.jpg\" alt=\"\" data-id=\"636\" data-full-url=\"https:\/\/jardinerietaberner.fr\/articles\/wp-content\/uploads\/2021\/07\/potager-vertical18-scaled.jpg\" data-link=\"https:\/\/jardinerietaberner.fr\/articles\/?attachment_id=636\" class=\"wp-image-636\" srcset=\"https:\/\/jardinerietaberner.fr\/articles\/wp-content\/uploads\/2021\/07\/potager-vertical18-1024x1024.jpg 1024w, https:\/\/jardinerietaberner.fr\/articles\/wp-content\/uploads\/2021\/07\/potager-vertical18-300x300.jpg 300w, https:\/\/jardinerietaberner.fr\/articles\/wp-content\/uploads\/2021\/07\/potager-vertical18-150x150.jpg 150w, https:\/\/jardinerietaberner.fr\/articles\/wp-content\/uploads\/2021\/07\/potager-vertical18-768x768.jpg 768w, https:\/\/jardinerietaberner.fr\/articles\/wp-content\/uploads\/2021\/07\/potager-vertical18-1536x1536.jpg 1536w, https:\/\/jardinerietaberner.fr\/articles\/wp-content\/uploads\/2021\/07\/potager-vertical18-2048x2048.jpg 2048w, https:\/\/jardinerietaberner.fr\/articles\/wp-content\/uploads\/2021\/07\/potager-vertical18-90x90.jpg 90w, https:\/\/jardinerietaberner.fr\/articles\/wp-content\/uploads\/2021\/07\/potager-vertical18-75x75.jpg 75w\" sizes=\"(max-width: 1024px) 100vw, 1024px\" \/><figcaption class=\"blocks-gallery-item__caption\">Plant de concombre<\/figcaption><\/figure><\/li><\/ul><\/figure>\n\n\n\n<p><a href=\"https:\/\/jardinerietaberner.fr\/potagerfruitier\/350-concombre-long.html\">https:\/\/jardinerietaberner.fr\/potagerfruitier\/350-concombre-long.html<\/a><\/p>\n\n\n\n<h2>Voici un petit guide pour vous aider a r\u00e9aliser cette id\u00e9e.<\/h2>\n\n\n\n<p>Tous les l\u00e9gumes rampants peuvent \u00eatre tuteur\u00e9s. Vous pouvez les planter en bordure et les laisser ramper sur le sol librement, mais le mieux est de leur installer un filet sur lequel la plante pourra s\u2019enrouler. Utiliser, par exemple, un grillage comme support.<\/p>\n\n\n\n<p>Une autre solution consiste \u00e0 fabriquer un tipi avec des bambous que vous positionnerez au milieu de votre carr\u00e9 potager pour gagner de la place.<\/p>\n\n\n\n<p>Enroulez un grillage pour confectionner une colonne que vous installerez au milieu des fleurs.<\/p>\n\n\n\n<p>Amusez vous \u00e0 imaginer toutes les possibilit\u00e9s&#8230;<\/p>\n\n\n\n<figure class=\"wp-block-gallery columns-3 is-cropped\"><ul class=\"blocks-gallery-grid\"><li class=\"blocks-gallery-item\"><figure><img loading=\"lazy\" width=\"1024\" height=\"1024\" src=\"https:\/\/jardinerietaberner.fr\/articles\/wp-content\/uploads\/2021\/07\/potager-vertical3-1024x1024.jpg\" alt=\"\" data-id=\"629\" data-link=\"https:\/\/jardinerietaberner.fr\/articles\/?attachment_id=629\" class=\"wp-image-629\" srcset=\"https:\/\/jardinerietaberner.fr\/articles\/wp-content\/uploads\/2021\/07\/potager-vertical3-1024x1024.jpg 1024w, https:\/\/jardinerietaberner.fr\/articles\/wp-content\/uploads\/2021\/07\/potager-vertical3-300x300.jpg 300w, https:\/\/jardinerietaberner.fr\/articles\/wp-content\/uploads\/2021\/07\/potager-vertical3-150x150.jpg 150w, https:\/\/jardinerietaberner.fr\/articles\/wp-content\/uploads\/2021\/07\/potager-vertical3-768x768.jpg 768w, https:\/\/jardinerietaberner.fr\/articles\/wp-content\/uploads\/2021\/07\/potager-vertical3-1536x1536.jpg 1536w, https:\/\/jardinerietaberner.fr\/articles\/wp-content\/uploads\/2021\/07\/potager-vertical3-2048x2048.jpg 2048w, https:\/\/jardinerietaberner.fr\/articles\/wp-content\/uploads\/2021\/07\/potager-vertical3-90x90.jpg 90w, https:\/\/jardinerietaberner.fr\/articles\/wp-content\/uploads\/2021\/07\/potager-vertical3-75x75.jpg 75w\" sizes=\"(max-width: 1024px) 100vw, 1024px\" \/><figcaption class=\"blocks-gallery-item__caption\">Plant de chayotte sur un filet<\/figcaption><\/figure><\/li><li class=\"blocks-gallery-item\"><figure><img loading=\"lazy\" width=\"1024\" height=\"1024\" src=\"https:\/\/jardinerietaberner.fr\/articles\/wp-content\/uploads\/2021\/07\/potager-vertical6-1024x1024.jpg\" alt=\"\" data-id=\"628\" data-link=\"https:\/\/jardinerietaberner.fr\/articles\/?attachment_id=628\" class=\"wp-image-628\" srcset=\"https:\/\/jardinerietaberner.fr\/articles\/wp-content\/uploads\/2021\/07\/potager-vertical6-1024x1024.jpg 1024w, https:\/\/jardinerietaberner.fr\/articles\/wp-content\/uploads\/2021\/07\/potager-vertical6-300x300.jpg 300w, https:\/\/jardinerietaberner.fr\/articles\/wp-content\/uploads\/2021\/07\/potager-vertical6-150x150.jpg 150w, https:\/\/jardinerietaberner.fr\/articles\/wp-content\/uploads\/2021\/07\/potager-vertical6-768x768.jpg 768w, https:\/\/jardinerietaberner.fr\/articles\/wp-content\/uploads\/2021\/07\/potager-vertical6-1536x1536.jpg 1536w, https:\/\/jardinerietaberner.fr\/articles\/wp-content\/uploads\/2021\/07\/potager-vertical6-2048x2048.jpg 2048w, https:\/\/jardinerietaberner.fr\/articles\/wp-content\/uploads\/2021\/07\/potager-vertical6-90x90.jpg 90w, https:\/\/jardinerietaberner.fr\/articles\/wp-content\/uploads\/2021\/07\/potager-vertical6-75x75.jpg 75w\" sizes=\"(max-width: 1024px) 100vw, 1024px\" \/><figcaption class=\"blocks-gallery-item__caption\">Plant de melon<\/figcaption><\/figure><\/li><li class=\"blocks-gallery-item\"><figure><img loading=\"lazy\" width=\"1024\" height=\"1024\" src=\"https:\/\/jardinerietaberner.fr\/articles\/wp-content\/uploads\/2021\/07\/potager-vertical4-1024x1024.jpg\" alt=\"\" data-id=\"630\" data-full-url=\"https:\/\/jardinerietaberner.fr\/articles\/wp-content\/uploads\/2021\/07\/potager-vertical4-scaled.jpg\" data-link=\"https:\/\/jardinerietaberner.fr\/articles\/?attachment_id=630\" class=\"wp-image-630\" srcset=\"https:\/\/jardinerietaberner.fr\/articles\/wp-content\/uploads\/2021\/07\/potager-vertical4-1024x1024.jpg 1024w, https:\/\/jardinerietaberner.fr\/articles\/wp-content\/uploads\/2021\/07\/potager-vertical4-300x300.jpg 300w, https:\/\/jardinerietaberner.fr\/articles\/wp-content\/uploads\/2021\/07\/potager-vertical4-150x150.jpg 150w, https:\/\/jardinerietaberner.fr\/articles\/wp-content\/uploads\/2021\/07\/potager-vertical4-768x768.jpg 768w, https:\/\/jardinerietaberner.fr\/articles\/wp-content\/uploads\/2021\/07\/potager-vertical4-1536x1536.jpg 1536w, https:\/\/jardinerietaberner.fr\/articles\/wp-content\/uploads\/2021\/07\/potager-vertical4-2048x2048.jpg 2048w, https:\/\/jardinerietaberner.fr\/articles\/wp-content\/uploads\/2021\/07\/potager-vertical4-90x90.jpg 90w, https:\/\/jardinerietaberner.fr\/articles\/wp-content\/uploads\/2021\/07\/potager-vertical4-75x75.jpg 75w\" sizes=\"(max-width: 1024px) 100vw, 1024px\" \/><figcaption class=\"blocks-gallery-item__caption\">Plant de melon<\/figcaption><\/figure><\/li><\/ul><\/figure>\n\n\n\n<p><\/p>\n","protected":false},"excerpt":{"rendered":"<p>Pourquoi ne pas planter un potager \u00e0 la verticale ? Gain de place, facilit\u00e9 pour la cueillette, la culture \u00e0 la verticale apporte une touche originale \u00e0 votre potager. On pense facilement aux haricots \u00e0 rames et aux petits pois, mais les concombres, les cornichons, les chayottes, les courgettes et aussi les melons peuvent se tuteurer \u00e0 la verticale. Surprenant&nbsp;?<\/p>\n","protected":false},"author":2,"featured_media":627,"comment_status":"open","ping_status":"open","sticky":false,"template":"","format":"standard","meta":[],"categories":[13,5],"tags":[],"yoast_head":"<!-- This site is optimized with the Yoast SEO plugin v15.9 - https:\/\/yoast.com\/wordpress\/plugins\/seo\/ -->\n<title>UN MUR DE LEGUME. - Un potager \u00e0 la verticale!<\/title>\n<meta name=\"description\" content=\"Un potager \u00e0 la verticale pour gagner de la place! Quelle utilit\u00e9? Comment le r\u00e9aliser? Des id\u00e9es, des conseils.\" \/>\n<meta name=\"robots\" content=\"index, follow, max-snippet:-1, max-image-preview:large, max-video-preview:-1\" \/>\n<link rel=\"canonical\" href=\"https:\/\/jardinerietaberner.fr\/articles\/un-mur-de-legume\/\" \/>\n<meta property=\"og:locale\" content=\"fr_FR\" \/>\n<meta property=\"og:type\" content=\"article\" \/>\n<meta property=\"og:title\" content=\"UN MUR DE LEGUME. - Un potager \u00e0 la verticale!\" \/>\n<meta property=\"og:description\" content=\"Un potager \u00e0 la verticale pour gagner de la place! Quelle utilit\u00e9? Comment le r\u00e9aliser? Des id\u00e9es, des conseils.\" \/>\n<meta property=\"og:url\" content=\"https:\/\/jardinerietaberner.fr\/articles\/un-mur-de-legume\/\" \/>\n<meta property=\"article:published_time\" content=\"2022-02-11T08:11:07+00:00\" \/>\n<meta property=\"article:modified_time\" content=\"2022-02-18T08:13:58+00:00\" \/>\n<meta property=\"og:image\" content=\"https:\/\/jardinerietaberner.fr\/articles\/wp-content\/uploads\/2021\/07\/potager-vertical8-scaled.jpg\" \/>\n\t<meta property=\"og:image:width\" content=\"2560\" \/>\n\t<meta property=\"og:image:height\" content=\"2560\" \/>\n<meta name=\"twitter:card\" content=\"summary_large_image\" \/>\n<meta name=\"twitter:label1\" content=\"Dur\u00e9e de lecture est.\">\n\t<meta name=\"twitter:data1\" content=\"3 minutes\">\n<script type=\"application\/ld+json\" class=\"yoast-schema-graph\">{\"@context\":\"https:\/\/schema.org\",\"@graph\":[{\"@type\":\"WebSite\",\"@id\":\"https:\/\/jardinerietaberner.fr\/articles\/#website\",\"url\":\"https:\/\/jardinerietaberner.fr\/articles\/\",\"name\":\"\",\"description\":\"\",\"potentialAction\":[{\"@type\":\"SearchAction\",\"target\":\"https:\/\/jardinerietaberner.fr\/articles\/?s={search_term_string}\",\"query-input\":\"required name=search_term_string\"}],\"inLanguage\":\"fr-FR\"},{\"@type\":\"ImageObject\",\"@id\":\"https:\/\/jardinerietaberner.fr\/articles\/un-mur-de-legume\/#primaryimage\",\"inLanguage\":\"fr-FR\",\"url\":\"https:\/\/jardinerietaberner.fr\/articles\/wp-content\/uploads\/2021\/07\/potager-vertical8-scaled.jpg\",\"width\":2560,\"height\":2560},{\"@type\":\"WebPage\",\"@id\":\"https:\/\/jardinerietaberner.fr\/articles\/un-mur-de-legume\/#webpage\",\"url\":\"https:\/\/jardinerietaberner.fr\/articles\/un-mur-de-legume\/\",\"name\":\"UN MUR DE LEGUME. - Un potager \\u00e0 la verticale!\",\"isPartOf\":{\"@id\":\"https:\/\/jardinerietaberner.fr\/articles\/#website\"},\"primaryImageOfPage\":{\"@id\":\"https:\/\/jardinerietaberner.fr\/articles\/un-mur-de-legume\/#primaryimage\"},\"datePublished\":\"2022-02-11T08:11:07+00:00\",\"dateModified\":\"2022-02-18T08:13:58+00:00\",\"author\":{\"@id\":\"https:\/\/jardinerietaberner.fr\/articles\/#\/schema\/person\/f88c3122a6be0b8903125e7ee11ddf32\"},\"description\":\"Un potager \\u00e0 la verticale pour gagner de la place! Quelle utilit\\u00e9? Comment le r\\u00e9aliser? Des id\\u00e9es, des conseils.\",\"breadcrumb\":{\"@id\":\"https:\/\/jardinerietaberner.fr\/articles\/un-mur-de-legume\/#breadcrumb\"},\"inLanguage\":\"fr-FR\",\"potentialAction\":[{\"@type\":\"ReadAction\",\"target\":[\"https:\/\/jardinerietaberner.fr\/articles\/un-mur-de-legume\/\"]}]},{\"@type\":\"BreadcrumbList\",\"@id\":\"https:\/\/jardinerietaberner.fr\/articles\/un-mur-de-legume\/#breadcrumb\",\"itemListElement\":[{\"@type\":\"ListItem\",\"position\":1,\"item\":{\"@type\":\"WebPage\",\"@id\":\"https:\/\/jardinerietaberner.fr\/articles\/\",\"url\":\"https:\/\/jardinerietaberner.fr\/articles\/\",\"name\":\"Accueil\"}},{\"@type\":\"ListItem\",\"position\":2,\"item\":{\"@type\":\"WebPage\",\"@id\":\"https:\/\/jardinerietaberner.fr\/articles\/un-mur-de-legume\/\",\"url\":\"https:\/\/jardinerietaberner.fr\/articles\/un-mur-de-legume\/\",\"name\":\"UN MUR DE LEGUME.\"}}]},{\"@type\":\"Person\",\"@id\":\"https:\/\/jardinerietaberner.fr\/articles\/#\/schema\/person\/f88c3122a6be0b8903125e7ee11ddf32\",\"name\":\"Nicole\",\"image\":{\"@type\":\"ImageObject\",\"@id\":\"https:\/\/jardinerietaberner.fr\/articles\/#personlogo\",\"inLanguage\":\"fr-FR\",\"url\":\"https:\/\/secure.gravatar.com\/avatar\/2c5c4b879997ba96b2577c7bcba21323?s=96&d=mm&r=g\",\"caption\":\"Nicole\"}}]}<\/script>\n<!-- \/ Yoast SEO plugin. -->","_links":{"self":[{"href":"https:\/\/jardinerietaberner.fr\/articles\/wp-json\/wp\/v2\/posts\/575"}],"collection":[{"href":"https:\/\/jardinerietaberner.fr\/articles\/wp-json\/wp\/v2\/posts"}],"about":[{"href":"https:\/\/jardinerietaberner.fr\/articles\/wp-json\/wp\/v2\/types\/post"}],"author":[{"embeddable":true,"href":"https:\/\/jardinerietaberner.fr\/articles\/wp-json\/wp\/v2\/users\/2"}],"replies":[{"embeddable":true,"href":"https:\/\/jardinerietaberner.fr\/articles\/wp-json\/wp\/v2\/comments?post=575"}],"version-history":[{"count":17,"href":"https:\/\/jardinerietaberner.fr\/articles\/wp-json\/wp\/v2\/posts\/575\/revisions"}],"predecessor-version":[{"id":1264,"href":"https:\/\/jardinerietaberner.fr\/articles\/wp-json\/wp\/v2\/posts\/575\/revisions\/1264"}],"wp:featuredmedia":[{"embeddable":true,"href":"https:\/\/jardinerietaberner.fr\/articles\/wp-json\/wp\/v2\/media\/627"}],"wp:attachment":[{"href":"https:\/\/jardinerietaberner.fr\/articles\/wp-json\/wp\/v2\/media?parent=575"}],"wp:term":[{"taxonomy":"category","embeddable":true,"href":"https:\/\/jardinerietaberner.fr\/articles\/wp-json\/wp\/v2\/categories?post=575"},{"taxonomy":"post_tag","embeddable":true,"href":"https:\/\/jardinerietaberner.fr\/articles\/wp-json\/wp\/v2\/tags?post=575"}],"curies":[{"name":"wp","href":"https:\/\/api.w.org\/{rel}","templated":true}]}}