{"id":67,"date":"2020-10-03T10:11:29","date_gmt":"2020-10-03T08:11:29","guid":{"rendered":"https:\/\/jardinerietaberner.fr\/articles\/?p=67"},"modified":"2020-11-13T19:01:54","modified_gmt":"2020-11-13T18:01:54","slug":"les-cyclamens","status":"publish","type":"post","link":"https:\/\/jardinerietaberner.fr\/articles\/les-cyclamens\/","title":{"rendered":"Les cyclamens"},"content":{"rendered":"\n<p>Le cyclamen est une des valeurs s\u00fbres de l&rsquo;hiver. Il fleurit votre jardin au moment o\u00f9 toutes vos fleurs d&rsquo;\u00e9t\u00e9 s&rsquo;arr\u00eatent de fleurir.<\/p>\n\n\n\n<h2>Le cyclamen d\u00e9borde de qualit\u00e9s<\/h2>\n\n\n\n<p>Des fleurs \u00e9l\u00e9gantes, un feuillage d\u00e9coratif, une longue floraison tout l&rsquo;hiver, une large palette de couleurs du blanc au rouge en passant par tous les tons de rose, que demander de plus? <\/p>\n\n\n\n<h2>Les couleurs des cyclamens<\/h2>\n\n\n\n<figure class=\"wp-block-gallery columns-3 is-cropped\"><ul class=\"blocks-gallery-grid\"><li class=\"blocks-gallery-item\"><figure><img loading=\"lazy\" width=\"800\" height=\"800\" src=\"https:\/\/jardinerietaberner.fr\/articles\/wp-content\/uploads\/2020\/10\/cyclamen-2020-5.jpg\" alt=\"\" data-id=\"120\" data-full-url=\"https:\/\/jardinerietaberner.fr\/articles\/wp-content\/uploads\/2020\/10\/cyclamen-2020-5.jpg\" data-link=\"https:\/\/jardinerietaberner.fr\/articles\/les-cyclamens\/cyclamen-2020-5\/\" class=\"wp-image-120\" srcset=\"https:\/\/jardinerietaberner.fr\/articles\/wp-content\/uploads\/2020\/10\/cyclamen-2020-5.jpg 800w, https:\/\/jardinerietaberner.fr\/articles\/wp-content\/uploads\/2020\/10\/cyclamen-2020-5-300x300.jpg 300w, https:\/\/jardinerietaberner.fr\/articles\/wp-content\/uploads\/2020\/10\/cyclamen-2020-5-150x150.jpg 150w, https:\/\/jardinerietaberner.fr\/articles\/wp-content\/uploads\/2020\/10\/cyclamen-2020-5-768x768.jpg 768w, https:\/\/jardinerietaberner.fr\/articles\/wp-content\/uploads\/2020\/10\/cyclamen-2020-5-90x90.jpg 90w, https:\/\/jardinerietaberner.fr\/articles\/wp-content\/uploads\/2020\/10\/cyclamen-2020-5-75x75.jpg 75w\" sizes=\"(max-width: 800px) 100vw, 800px\" \/><\/figure><\/li><li class=\"blocks-gallery-item\"><figure><img loading=\"lazy\" width=\"800\" height=\"800\" src=\"https:\/\/jardinerietaberner.fr\/articles\/wp-content\/uploads\/2020\/10\/cyclamen-2020-8.jpg\" alt=\"\" data-id=\"121\" data-full-url=\"https:\/\/jardinerietaberner.fr\/articles\/wp-content\/uploads\/2020\/10\/cyclamen-2020-8.jpg\" data-link=\"https:\/\/jardinerietaberner.fr\/articles\/les-cyclamens\/cyclamen-2020-8\/\" class=\"wp-image-121\" srcset=\"https:\/\/jardinerietaberner.fr\/articles\/wp-content\/uploads\/2020\/10\/cyclamen-2020-8.jpg 800w, https:\/\/jardinerietaberner.fr\/articles\/wp-content\/uploads\/2020\/10\/cyclamen-2020-8-300x300.jpg 300w, https:\/\/jardinerietaberner.fr\/articles\/wp-content\/uploads\/2020\/10\/cyclamen-2020-8-150x150.jpg 150w, https:\/\/jardinerietaberner.fr\/articles\/wp-content\/uploads\/2020\/10\/cyclamen-2020-8-768x768.jpg 768w, https:\/\/jardinerietaberner.fr\/articles\/wp-content\/uploads\/2020\/10\/cyclamen-2020-8-90x90.jpg 90w, https:\/\/jardinerietaberner.fr\/articles\/wp-content\/uploads\/2020\/10\/cyclamen-2020-8-75x75.jpg 75w\" sizes=\"(max-width: 800px) 100vw, 800px\" \/><\/figure><\/li><li class=\"blocks-gallery-item\"><figure><img loading=\"lazy\" width=\"800\" height=\"800\" src=\"https:\/\/jardinerietaberner.fr\/articles\/wp-content\/uploads\/2020\/10\/cyclamen-2020-17.jpg\" alt=\"\" data-id=\"123\" data-full-url=\"https:\/\/jardinerietaberner.fr\/articles\/wp-content\/uploads\/2020\/10\/cyclamen-2020-17.jpg\" data-link=\"https:\/\/jardinerietaberner.fr\/articles\/les-cyclamens\/cyclamen-2020-17\/\" class=\"wp-image-123\" srcset=\"https:\/\/jardinerietaberner.fr\/articles\/wp-content\/uploads\/2020\/10\/cyclamen-2020-17.jpg 800w, https:\/\/jardinerietaberner.fr\/articles\/wp-content\/uploads\/2020\/10\/cyclamen-2020-17-300x300.jpg 300w, https:\/\/jardinerietaberner.fr\/articles\/wp-content\/uploads\/2020\/10\/cyclamen-2020-17-150x150.jpg 150w, https:\/\/jardinerietaberner.fr\/articles\/wp-content\/uploads\/2020\/10\/cyclamen-2020-17-768x768.jpg 768w, https:\/\/jardinerietaberner.fr\/articles\/wp-content\/uploads\/2020\/10\/cyclamen-2020-17-90x90.jpg 90w, https:\/\/jardinerietaberner.fr\/articles\/wp-content\/uploads\/2020\/10\/cyclamen-2020-17-75x75.jpg 75w\" sizes=\"(max-width: 800px) 100vw, 800px\" \/><\/figure><\/li><li class=\"blocks-gallery-item\"><figure><img loading=\"lazy\" width=\"800\" height=\"800\" src=\"https:\/\/jardinerietaberner.fr\/articles\/wp-content\/uploads\/2020\/10\/cyclamen-2020-7.jpg\" alt=\"\" data-id=\"122\" data-full-url=\"https:\/\/jardinerietaberner.fr\/articles\/wp-content\/uploads\/2020\/10\/cyclamen-2020-7.jpg\" data-link=\"https:\/\/jardinerietaberner.fr\/articles\/les-cyclamens\/cyclamen-2020-7\/\" class=\"wp-image-122\" srcset=\"https:\/\/jardinerietaberner.fr\/articles\/wp-content\/uploads\/2020\/10\/cyclamen-2020-7.jpg 800w, https:\/\/jardinerietaberner.fr\/articles\/wp-content\/uploads\/2020\/10\/cyclamen-2020-7-300x300.jpg 300w, https:\/\/jardinerietaberner.fr\/articles\/wp-content\/uploads\/2020\/10\/cyclamen-2020-7-150x150.jpg 150w, https:\/\/jardinerietaberner.fr\/articles\/wp-content\/uploads\/2020\/10\/cyclamen-2020-7-768x768.jpg 768w, https:\/\/jardinerietaberner.fr\/articles\/wp-content\/uploads\/2020\/10\/cyclamen-2020-7-90x90.jpg 90w, https:\/\/jardinerietaberner.fr\/articles\/wp-content\/uploads\/2020\/10\/cyclamen-2020-7-75x75.jpg 75w\" sizes=\"(max-width: 800px) 100vw, 800px\" \/><\/figure><\/li><li class=\"blocks-gallery-item\"><figure><img loading=\"lazy\" width=\"800\" height=\"800\" src=\"https:\/\/jardinerietaberner.fr\/articles\/wp-content\/uploads\/2020\/10\/cyclamen-2020-40.jpg\" alt=\"\" data-id=\"126\" data-full-url=\"https:\/\/jardinerietaberner.fr\/articles\/wp-content\/uploads\/2020\/10\/cyclamen-2020-40.jpg\" data-link=\"https:\/\/jardinerietaberner.fr\/articles\/les-cyclamens\/cyclamen-2020-40\/\" class=\"wp-image-126\" srcset=\"https:\/\/jardinerietaberner.fr\/articles\/wp-content\/uploads\/2020\/10\/cyclamen-2020-40.jpg 800w, https:\/\/jardinerietaberner.fr\/articles\/wp-content\/uploads\/2020\/10\/cyclamen-2020-40-300x300.jpg 300w, https:\/\/jardinerietaberner.fr\/articles\/wp-content\/uploads\/2020\/10\/cyclamen-2020-40-150x150.jpg 150w, https:\/\/jardinerietaberner.fr\/articles\/wp-content\/uploads\/2020\/10\/cyclamen-2020-40-768x768.jpg 768w, https:\/\/jardinerietaberner.fr\/articles\/wp-content\/uploads\/2020\/10\/cyclamen-2020-40-90x90.jpg 90w, https:\/\/jardinerietaberner.fr\/articles\/wp-content\/uploads\/2020\/10\/cyclamen-2020-40-75x75.jpg 75w\" sizes=\"(max-width: 800px) 100vw, 800px\" \/><\/figure><\/li><li class=\"blocks-gallery-item\"><figure><img loading=\"lazy\" width=\"800\" height=\"800\" src=\"https:\/\/jardinerietaberner.fr\/articles\/wp-content\/uploads\/2020\/10\/cyclamen-2020-41.jpg\" alt=\"\" data-id=\"127\" data-full-url=\"https:\/\/jardinerietaberner.fr\/articles\/wp-content\/uploads\/2020\/10\/cyclamen-2020-41.jpg\" data-link=\"https:\/\/jardinerietaberner.fr\/articles\/les-cyclamens\/cyclamen-2020-41\/\" class=\"wp-image-127\" srcset=\"https:\/\/jardinerietaberner.fr\/articles\/wp-content\/uploads\/2020\/10\/cyclamen-2020-41.jpg 800w, https:\/\/jardinerietaberner.fr\/articles\/wp-content\/uploads\/2020\/10\/cyclamen-2020-41-300x300.jpg 300w, https:\/\/jardinerietaberner.fr\/articles\/wp-content\/uploads\/2020\/10\/cyclamen-2020-41-150x150.jpg 150w, https:\/\/jardinerietaberner.fr\/articles\/wp-content\/uploads\/2020\/10\/cyclamen-2020-41-768x768.jpg 768w, https:\/\/jardinerietaberner.fr\/articles\/wp-content\/uploads\/2020\/10\/cyclamen-2020-41-90x90.jpg 90w, https:\/\/jardinerietaberner.fr\/articles\/wp-content\/uploads\/2020\/10\/cyclamen-2020-41-75x75.jpg 75w\" sizes=\"(max-width: 800px) 100vw, 800px\" \/><\/figure><\/li><\/ul><\/figure>\n\n\n\n<h2>Les feuillages des cyclamens<\/h2>\n\n\n\n<figure class=\"wp-block-gallery columns-3 is-cropped\"><ul class=\"blocks-gallery-grid\"><li class=\"blocks-gallery-item\"><figure><img loading=\"lazy\" width=\"800\" height=\"800\" src=\"https:\/\/jardinerietaberner.fr\/articles\/wp-content\/uploads\/2020\/10\/cyclamen-2020-feuillage-9.jpg\" alt=\"\" data-id=\"131\" data-full-url=\"https:\/\/jardinerietaberner.fr\/articles\/wp-content\/uploads\/2020\/10\/cyclamen-2020-feuillage-9.jpg\" data-link=\"https:\/\/jardinerietaberner.fr\/articles\/les-cyclamens\/cyclamen-2020-feuillage-9\/\" class=\"wp-image-131\" srcset=\"https:\/\/jardinerietaberner.fr\/articles\/wp-content\/uploads\/2020\/10\/cyclamen-2020-feuillage-9.jpg 800w, https:\/\/jardinerietaberner.fr\/articles\/wp-content\/uploads\/2020\/10\/cyclamen-2020-feuillage-9-300x300.jpg 300w, https:\/\/jardinerietaberner.fr\/articles\/wp-content\/uploads\/2020\/10\/cyclamen-2020-feuillage-9-150x150.jpg 150w, https:\/\/jardinerietaberner.fr\/articles\/wp-content\/uploads\/2020\/10\/cyclamen-2020-feuillage-9-768x768.jpg 768w, https:\/\/jardinerietaberner.fr\/articles\/wp-content\/uploads\/2020\/10\/cyclamen-2020-feuillage-9-90x90.jpg 90w, https:\/\/jardinerietaberner.fr\/articles\/wp-content\/uploads\/2020\/10\/cyclamen-2020-feuillage-9-75x75.jpg 75w\" sizes=\"(max-width: 800px) 100vw, 800px\" \/><\/figure><\/li><li class=\"blocks-gallery-item\"><figure><img loading=\"lazy\" width=\"800\" height=\"800\" src=\"https:\/\/jardinerietaberner.fr\/articles\/wp-content\/uploads\/2020\/10\/cyclamen-2020-feuillage-11.jpg\" alt=\"\" data-id=\"130\" data-full-url=\"https:\/\/jardinerietaberner.fr\/articles\/wp-content\/uploads\/2020\/10\/cyclamen-2020-feuillage-11.jpg\" data-link=\"https:\/\/jardinerietaberner.fr\/articles\/les-cyclamens\/cyclamen-2020-feuillage-11\/\" class=\"wp-image-130\" srcset=\"https:\/\/jardinerietaberner.fr\/articles\/wp-content\/uploads\/2020\/10\/cyclamen-2020-feuillage-11.jpg 800w, https:\/\/jardinerietaberner.fr\/articles\/wp-content\/uploads\/2020\/10\/cyclamen-2020-feuillage-11-300x300.jpg 300w, https:\/\/jardinerietaberner.fr\/articles\/wp-content\/uploads\/2020\/10\/cyclamen-2020-feuillage-11-150x150.jpg 150w, https:\/\/jardinerietaberner.fr\/articles\/wp-content\/uploads\/2020\/10\/cyclamen-2020-feuillage-11-768x768.jpg 768w, https:\/\/jardinerietaberner.fr\/articles\/wp-content\/uploads\/2020\/10\/cyclamen-2020-feuillage-11-90x90.jpg 90w, https:\/\/jardinerietaberner.fr\/articles\/wp-content\/uploads\/2020\/10\/cyclamen-2020-feuillage-11-75x75.jpg 75w\" sizes=\"(max-width: 800px) 100vw, 800px\" \/><\/figure><\/li><li class=\"blocks-gallery-item\"><figure><img loading=\"lazy\" width=\"800\" height=\"800\" src=\"https:\/\/jardinerietaberner.fr\/articles\/wp-content\/uploads\/2020\/10\/cyclamen-2020-feuillage-7.jpg\" alt=\"\" data-id=\"129\" data-full-url=\"https:\/\/jardinerietaberner.fr\/articles\/wp-content\/uploads\/2020\/10\/cyclamen-2020-feuillage-7.jpg\" data-link=\"https:\/\/jardinerietaberner.fr\/articles\/les-cyclamens\/cyclamen-2020-feuillage-7\/\" class=\"wp-image-129\" srcset=\"https:\/\/jardinerietaberner.fr\/articles\/wp-content\/uploads\/2020\/10\/cyclamen-2020-feuillage-7.jpg 800w, https:\/\/jardinerietaberner.fr\/articles\/wp-content\/uploads\/2020\/10\/cyclamen-2020-feuillage-7-300x300.jpg 300w, https:\/\/jardinerietaberner.fr\/articles\/wp-content\/uploads\/2020\/10\/cyclamen-2020-feuillage-7-150x150.jpg 150w, https:\/\/jardinerietaberner.fr\/articles\/wp-content\/uploads\/2020\/10\/cyclamen-2020-feuillage-7-768x768.jpg 768w, https:\/\/jardinerietaberner.fr\/articles\/wp-content\/uploads\/2020\/10\/cyclamen-2020-feuillage-7-90x90.jpg 90w, https:\/\/jardinerietaberner.fr\/articles\/wp-content\/uploads\/2020\/10\/cyclamen-2020-feuillage-7-75x75.jpg 75w\" sizes=\"(max-width: 800px) 100vw, 800px\" \/><\/figure><\/li><\/ul><\/figure>\n\n\n\n<p>Vous en voulez encore? Les cyclamens miniatures garniront vos petits pots. Les vari\u00e9t\u00e9s bicolores, flamm\u00e9e, dentel\u00e9e, \u00e0 liser\u00e9 blanc apporteront l&rsquo;originalit\u00e9 que vous recherchez pour votre jardin ou votre int\u00e9rieur. Parque oui ils s&rsquo;adaptent aussi a l&rsquo;ext\u00e9rieur comme \u00e0 l&rsquo;int\u00e9rieur.  Fleur vivace qui fleurie tout l&rsquo;hiver, le cyclamen ne peut que vous s\u00e9duire.<\/p>\n\n\n\n<p>Apr\u00e8s toutes ces \u00e9loges a t il des d\u00e9fauts ?  Le cyclamen peut-\u00eatre sensible au botrytis et \u00e0 la fusariose. Des micro champignons qui sont favoris\u00e9s par l&rsquo;humidit\u00e9 et la chaleur. Ils peuvent faire pourrir les plantes si on n&rsquo;y prend pas garde. Pour le cyclamen s&rsquo;il est en ext\u00e9rieur, la ventilation naturelle suffira \u00e0 pr\u00e9munir de ces probl\u00e8mes. Faites attention d&rsquo;arroser au pied des plantes sans mouiller les feuilles et vous n&rsquo;aurez aucun souci. A l&rsquo;int\u00e9rieur la chaleur peut aider \u00e0 la prolif\u00e9ration des micro champignons. Arrosez le cyclamen en faisant tremper le pot, pour ne pas mouiller les feuilles. Si vous chauffez beaucoup votre int\u00e9rieur, vous pouvez tr\u00e8s bien mettre le cyclamen sur le rebord de la fen\u00eatre la nuit par exemple. La derni\u00e8re astuce pour bien conserver vos cyclamens est de nettoyer les fleurs fan\u00e9es et les feuilles jaunes en d\u00e9tachant bien la tige \u00e0 sa base. Si vous vous contentez de couper les tiges \u00e0 mi hauteur, la partie basse de tige que vous avez laiss\u00e9 va pourrir et risque de faire pourrir le coeur du cyclamen \u00e0 son tour.<\/p>\n\n\n\n<figure class=\"wp-block-video\"><video controls src=\"https:\/\/jardinerietaberner.fr\/articles\/wp-content\/uploads\/2020\/10\/nettoyage-cyclamens.mp4\"><\/video><figcaption>Nettoyer les cyclamens<\/figcaption><\/figure>\n\n\n\n<p><\/p>\n\n\n\n<h2>En conclusion.<\/h2>\n\n\n\n<p> Arrosez sans mouiller les feuilles et d\u00e9tachez bien les tiges fan\u00e9es pour une culture facile qui vous donnera des fleurs tout l&rsquo;hiver.<\/p>\n\n\n\n<p>voir  nos cyclamens : <a href=\"https:\/\/jardinerietaberner.fr\/fleurs\/25-cyclamens.html\">https:\/\/jardinerietaberner.fr\/fleurs\/25-cyclamens.html<\/a><\/p>\n","protected":false},"excerpt":{"rendered":"<p>Le cyclamen est une des valeurs s\u00fbres de l&rsquo;hiver. Il fleurit votre jardin au moment o\u00f9 toutes vos fleurs d&rsquo;\u00e9t\u00e9 s&rsquo;arr\u00eatent de fleurir. Le cyclamen d\u00e9borde de qualit\u00e9s Des fleurs \u00e9l\u00e9gantes, un feuillage d\u00e9coratif, une longue floraison tout l&rsquo;hiver, une large palette de couleurs du blanc au rouge en passant par tous les tons de rose, que demander de plus?<\/p>\n","protected":false},"author":1,"featured_media":121,"comment_status":"open","ping_status":"open","sticky":false,"template":"","format":"standard","meta":[],"categories":[7,6],"tags":[],"yoast_head":"<!-- This site is optimized with the Yoast SEO plugin v15.9 - https:\/\/yoast.com\/wordpress\/plugins\/seo\/ -->\n<title>Les cyclamens -<\/title>\n<meta name=\"robots\" content=\"index, follow, max-snippet:-1, max-image-preview:large, max-video-preview:-1\" \/>\n<link rel=\"canonical\" href=\"https:\/\/jardinerietaberner.fr\/articles\/les-cyclamens\/\" \/>\n<meta property=\"og:locale\" content=\"fr_FR\" \/>\n<meta property=\"og:type\" content=\"article\" \/>\n<meta property=\"og:title\" content=\"Les cyclamens -\" \/>\n<meta property=\"og:description\" content=\"Le cyclamen est une des valeurs s\u00fbres de l&rsquo;hiver. Il fleurit votre jardin au moment o\u00f9 toutes vos fleurs d&rsquo;\u00e9t\u00e9 s&rsquo;arr\u00eatent de fleurir. Le cyclamen d\u00e9borde de qualit\u00e9s Des fleurs \u00e9l\u00e9gantes, un feuillage d\u00e9coratif, une longue floraison tout l&rsquo;hiver, une large palette de couleurs du blanc au rouge en passant par tous les tons de rose, que demander de plus?\" \/>\n<meta property=\"og:url\" content=\"https:\/\/jardinerietaberner.fr\/articles\/les-cyclamens\/\" \/>\n<meta property=\"article:published_time\" content=\"2020-10-03T08:11:29+00:00\" \/>\n<meta property=\"article:modified_time\" content=\"2020-11-13T18:01:54+00:00\" \/>\n<meta property=\"og:image\" content=\"https:\/\/jardinerietaberner.fr\/articles\/wp-content\/uploads\/2020\/10\/cyclamen-2020-8.jpg\" \/>\n\t<meta property=\"og:image:width\" content=\"800\" \/>\n\t<meta property=\"og:image:height\" content=\"800\" \/>\n<meta name=\"twitter:card\" content=\"summary_large_image\" \/>\n<meta name=\"twitter:label1\" content=\"Dur\u00e9e de lecture est.\">\n\t<meta name=\"twitter:data1\" content=\"2 minutes\">\n<script type=\"application\/ld+json\" class=\"yoast-schema-graph\">{\"@context\":\"https:\/\/schema.org\",\"@graph\":[{\"@type\":\"WebSite\",\"@id\":\"https:\/\/jardinerietaberner.fr\/articles\/#website\",\"url\":\"https:\/\/jardinerietaberner.fr\/articles\/\",\"name\":\"\",\"description\":\"\",\"potentialAction\":[{\"@type\":\"SearchAction\",\"target\":\"https:\/\/jardinerietaberner.fr\/articles\/?s={search_term_string}\",\"query-input\":\"required name=search_term_string\"}],\"inLanguage\":\"fr-FR\"},{\"@type\":\"ImageObject\",\"@id\":\"https:\/\/jardinerietaberner.fr\/articles\/les-cyclamens\/#primaryimage\",\"inLanguage\":\"fr-FR\",\"url\":\"https:\/\/jardinerietaberner.fr\/articles\/wp-content\/uploads\/2020\/10\/cyclamen-2020-8.jpg\",\"width\":800,\"height\":800},{\"@type\":\"WebPage\",\"@id\":\"https:\/\/jardinerietaberner.fr\/articles\/les-cyclamens\/#webpage\",\"url\":\"https:\/\/jardinerietaberner.fr\/articles\/les-cyclamens\/\",\"name\":\"Les cyclamens -\",\"isPartOf\":{\"@id\":\"https:\/\/jardinerietaberner.fr\/articles\/#website\"},\"primaryImageOfPage\":{\"@id\":\"https:\/\/jardinerietaberner.fr\/articles\/les-cyclamens\/#primaryimage\"},\"datePublished\":\"2020-10-03T08:11:29+00:00\",\"dateModified\":\"2020-11-13T18:01:54+00:00\",\"author\":{\"@id\":\"https:\/\/jardinerietaberner.fr\/articles\/#\/schema\/person\/7ce28a21c5a6fb65ed5519c2e2446b66\"},\"breadcrumb\":{\"@id\":\"https:\/\/jardinerietaberner.fr\/articles\/les-cyclamens\/#breadcrumb\"},\"inLanguage\":\"fr-FR\",\"potentialAction\":[{\"@type\":\"ReadAction\",\"target\":[\"https:\/\/jardinerietaberner.fr\/articles\/les-cyclamens\/\"]}]},{\"@type\":\"BreadcrumbList\",\"@id\":\"https:\/\/jardinerietaberner.fr\/articles\/les-cyclamens\/#breadcrumb\",\"itemListElement\":[{\"@type\":\"ListItem\",\"position\":1,\"item\":{\"@type\":\"WebPage\",\"@id\":\"https:\/\/jardinerietaberner.fr\/articles\/\",\"url\":\"https:\/\/jardinerietaberner.fr\/articles\/\",\"name\":\"Accueil\"}},{\"@type\":\"ListItem\",\"position\":2,\"item\":{\"@type\":\"WebPage\",\"@id\":\"https:\/\/jardinerietaberner.fr\/articles\/les-cyclamens\/\",\"url\":\"https:\/\/jardinerietaberner.fr\/articles\/les-cyclamens\/\",\"name\":\"Les cyclamens\"}}]},{\"@type\":\"Person\",\"@id\":\"https:\/\/jardinerietaberner.fr\/articles\/#\/schema\/person\/7ce28a21c5a6fb65ed5519c2e2446b66\",\"name\":\"patrick\",\"image\":{\"@type\":\"ImageObject\",\"@id\":\"https:\/\/jardinerietaberner.fr\/articles\/#personlogo\",\"inLanguage\":\"fr-FR\",\"url\":\"https:\/\/secure.gravatar.com\/avatar\/1160deb9dda9445a9f8d0aee4057eb40?s=96&d=mm&r=g\",\"caption\":\"patrick\"},\"sameAs\":[\"http:\/\/jardinerietaberner.fr\/articles\"]}]}<\/script>\n<!-- \/ Yoast SEO plugin. -->","_links":{"self":[{"href":"https:\/\/jardinerietaberner.fr\/articles\/wp-json\/wp\/v2\/posts\/67"}],"collection":[{"href":"https:\/\/jardinerietaberner.fr\/articles\/wp-json\/wp\/v2\/posts"}],"about":[{"href":"https:\/\/jardinerietaberner.fr\/articles\/wp-json\/wp\/v2\/types\/post"}],"author":[{"embeddable":true,"href":"https:\/\/jardinerietaberner.fr\/articles\/wp-json\/wp\/v2\/users\/1"}],"replies":[{"embeddable":true,"href":"https:\/\/jardinerietaberner.fr\/articles\/wp-json\/wp\/v2\/comments?post=67"}],"version-history":[{"count":22,"href":"https:\/\/jardinerietaberner.fr\/articles\/wp-json\/wp\/v2\/posts\/67\/revisions"}],"predecessor-version":[{"id":278,"href":"https:\/\/jardinerietaberner.fr\/articles\/wp-json\/wp\/v2\/posts\/67\/revisions\/278"}],"wp:featuredmedia":[{"embeddable":true,"href":"https:\/\/jardinerietaberner.fr\/articles\/wp-json\/wp\/v2\/media\/121"}],"wp:attachment":[{"href":"https:\/\/jardinerietaberner.fr\/articles\/wp-json\/wp\/v2\/media?parent=67"}],"wp:term":[{"taxonomy":"category","embeddable":true,"href":"https:\/\/jardinerietaberner.fr\/articles\/wp-json\/wp\/v2\/categories?post=67"},{"taxonomy":"post_tag","embeddable":true,"href":"https:\/\/jardinerietaberner.fr\/articles\/wp-json\/wp\/v2\/tags?post=67"}],"curies":[{"name":"wp","href":"https:\/\/api.w.org\/{rel}","templated":true}]}}