{"id":859,"date":"2024-12-27T09:25:33","date_gmt":"2024-12-27T08:25:33","guid":{"rendered":"https:\/\/jardinerietaberner.fr\/articles\/?p=859"},"modified":"2024-12-27T09:25:35","modified_gmt":"2024-12-27T08:25:35","slug":"comment-faire-une-jardiniere-de-plantes-aromatiques","status":"publish","type":"post","link":"https:\/\/jardinerietaberner.fr\/articles\/comment-faire-une-jardiniere-de-plantes-aromatiques\/","title":{"rendered":"Comment faire une jardini\u00e8re de plantes aromatiques."},"content":{"rendered":"\n<p>Pour profiter des saveurs de l\u2019\u00e9t\u00e9, rien de plus facile que de confectionner une jardini\u00e8re de plantes aromatiques. En effet, les plantes aromatiques n\u2019ont pas besoin de beaucoup de terre pour s\u2019\u00e9panouir. Un peu de lumi\u00e8re et d\u2019eau, et vous pourrez agr\u00e9menter vos plats en fonction de vos envies.<\/p>\n\n\n\n<h2>La plantation.<\/h2>\n\n\n\n<p>-Choisissez une jardini\u00e8re ayant au moins 15 cm de profondeur. Pour une jardini\u00e8re de 40 cm de long, vous pourrez installer trois plantes, si elle fait 80 cm de long vous pourrez installer 5 plantes. La jardini\u00e8re ou le r\u00e9cipient que vous aurez choisi doit imp\u00e9rativement avoir des trous de drainage afin d\u2019\u00e9viter la pourriture des racines.<\/p>\n\n\n\n<p>-Remplissez la jardini\u00e8re de terreau de qualit\u00e9. N\u2019employez pas de terreau contenant des \u00e9corces qui en se d\u00e9composant acidifierai le terreau et limiterai ainsi la pousse des plantes aromatiques.<\/p>\n\n\n\n<p>-Plantez les plantes aromatiques en les sortant du godet. Veillez \u00e0 ne pas casser la motte ou \u00e0 \u00e9carter les racines. Pour en effet plus naturel, plantez les plantes en quinconce.<\/p>\n\n\n\n<p>-Tassez le terreau autour et arrosez copieusement \u00e0 la plantation. Par la suite, veuillez laisser s\u00e9cher la terre entre deux arrosages.<\/p>\n\n\n\n<p>-Taillez au fur et \u00e0 mesure de vos besoins. Si une plante aromatique fleurit, taillez car la floraison se fera au d\u00e9triment du feuillage.<\/p>\n\n\n\n<p>-Choisissez le bon endroit. Associez les plantes aromatiques en fonction de leurs exigences culturales, exposition ou arrosage.<\/p>\n\n\n\n<figure class=\"wp-block-gallery columns-3 is-cropped\"><ul class=\"blocks-gallery-grid\"><li class=\"blocks-gallery-item\"><figure><img loading=\"lazy\" width=\"1024\" height=\"1024\" src=\"https:\/\/jardinerietaberner.fr\/articles\/wp-content\/uploads\/2022\/03\/jardiniere-aromatique4-1024x1024.jpg\" alt=\"\" data-id=\"1269\" data-link=\"https:\/\/jardinerietaberner.fr\/articles\/?attachment_id=1269\" class=\"wp-image-1269\" srcset=\"https:\/\/jardinerietaberner.fr\/articles\/wp-content\/uploads\/2022\/03\/jardiniere-aromatique4-1024x1024.jpg 1024w, https:\/\/jardinerietaberner.fr\/articles\/wp-content\/uploads\/2022\/03\/jardiniere-aromatique4-300x300.jpg 300w, https:\/\/jardinerietaberner.fr\/articles\/wp-content\/uploads\/2022\/03\/jardiniere-aromatique4-150x150.jpg 150w, https:\/\/jardinerietaberner.fr\/articles\/wp-content\/uploads\/2022\/03\/jardiniere-aromatique4-768x768.jpg 768w, https:\/\/jardinerietaberner.fr\/articles\/wp-content\/uploads\/2022\/03\/jardiniere-aromatique4-1536x1536.jpg 1536w, https:\/\/jardinerietaberner.fr\/articles\/wp-content\/uploads\/2022\/03\/jardiniere-aromatique4-2048x2048.jpg 2048w, https:\/\/jardinerietaberner.fr\/articles\/wp-content\/uploads\/2022\/03\/jardiniere-aromatique4-90x90.jpg 90w, https:\/\/jardinerietaberner.fr\/articles\/wp-content\/uploads\/2022\/03\/jardiniere-aromatique4-75x75.jpg 75w\" sizes=\"(max-width: 1024px) 100vw, 1024px\" \/><figcaption class=\"blocks-gallery-item__caption\">jardini\u00e8re de plantes<br> aromatiques<\/figcaption><\/figure><\/li><li class=\"blocks-gallery-item\"><figure><img loading=\"lazy\" width=\"1024\" height=\"1024\" src=\"https:\/\/jardinerietaberner.fr\/articles\/wp-content\/uploads\/2022\/03\/jardiniere-aromatique7-1024x1024.jpg\" alt=\"\" data-id=\"1270\" data-link=\"https:\/\/jardinerietaberner.fr\/articles\/?attachment_id=1270\" class=\"wp-image-1270\" srcset=\"https:\/\/jardinerietaberner.fr\/articles\/wp-content\/uploads\/2022\/03\/jardiniere-aromatique7-1024x1024.jpg 1024w, https:\/\/jardinerietaberner.fr\/articles\/wp-content\/uploads\/2022\/03\/jardiniere-aromatique7-300x300.jpg 300w, https:\/\/jardinerietaberner.fr\/articles\/wp-content\/uploads\/2022\/03\/jardiniere-aromatique7-150x150.jpg 150w, https:\/\/jardinerietaberner.fr\/articles\/wp-content\/uploads\/2022\/03\/jardiniere-aromatique7-768x768.jpg 768w, https:\/\/jardinerietaberner.fr\/articles\/wp-content\/uploads\/2022\/03\/jardiniere-aromatique7-1536x1536.jpg 1536w, https:\/\/jardinerietaberner.fr\/articles\/wp-content\/uploads\/2022\/03\/jardiniere-aromatique7-2048x2048.jpg 2048w, https:\/\/jardinerietaberner.fr\/articles\/wp-content\/uploads\/2022\/03\/jardiniere-aromatique7-90x90.jpg 90w, https:\/\/jardinerietaberner.fr\/articles\/wp-content\/uploads\/2022\/03\/jardiniere-aromatique7-75x75.jpg 75w\" sizes=\"(max-width: 1024px) 100vw, 1024px\" \/><figcaption class=\"blocks-gallery-item__caption\">jardini\u00e8re de plantes aromatiques<\/figcaption><\/figure><\/li><li class=\"blocks-gallery-item\"><figure><img loading=\"lazy\" width=\"1024\" height=\"1024\" src=\"https:\/\/jardinerietaberner.fr\/articles\/wp-content\/uploads\/2022\/03\/jardiniere-aromatique9-1024x1024.jpg\" alt=\"\" data-id=\"1271\" data-full-url=\"https:\/\/jardinerietaberner.fr\/articles\/wp-content\/uploads\/2022\/03\/jardiniere-aromatique9-scaled.jpg\" data-link=\"https:\/\/jardinerietaberner.fr\/articles\/?attachment_id=1271\" class=\"wp-image-1271\" srcset=\"https:\/\/jardinerietaberner.fr\/articles\/wp-content\/uploads\/2022\/03\/jardiniere-aromatique9-1024x1024.jpg 1024w, https:\/\/jardinerietaberner.fr\/articles\/wp-content\/uploads\/2022\/03\/jardiniere-aromatique9-300x300.jpg 300w, https:\/\/jardinerietaberner.fr\/articles\/wp-content\/uploads\/2022\/03\/jardiniere-aromatique9-150x150.jpg 150w, https:\/\/jardinerietaberner.fr\/articles\/wp-content\/uploads\/2022\/03\/jardiniere-aromatique9-768x768.jpg 768w, https:\/\/jardinerietaberner.fr\/articles\/wp-content\/uploads\/2022\/03\/jardiniere-aromatique9-1536x1536.jpg 1536w, https:\/\/jardinerietaberner.fr\/articles\/wp-content\/uploads\/2022\/03\/jardiniere-aromatique9-2048x2048.jpg 2048w, https:\/\/jardinerietaberner.fr\/articles\/wp-content\/uploads\/2022\/03\/jardiniere-aromatique9-90x90.jpg 90w, https:\/\/jardinerietaberner.fr\/articles\/wp-content\/uploads\/2022\/03\/jardiniere-aromatique9-75x75.jpg 75w\" sizes=\"(max-width: 1024px) 100vw, 1024px\" \/><figcaption class=\"blocks-gallery-item__caption\">jardini\u00e8re de plantes <br>aromatiques<\/figcaption><\/figure><\/li><\/ul><\/figure>\n\n\n\n<p>Vous pouvez associez le thym, le thym citron, le serpolet, le romarin, la sarriette, l\u2019origan, la marjolaine ensemble que vous exposerez au soleil. Leurs besoins en eau est mod\u00e9r\u00e9.<\/p>\n\n\n\n<p>Associez le persil, la ciboulette, l\u2019aneth, l\u2019oseille, la coriandre ou le cerfeuil ensemble pour une exposition \u00e0 l\u2019ombre ou \u00e0 la mi-ombre.<\/p>\n\n\n\n<p>Les menthes demandent beaucoup d&rsquo;espace et peuvent devenir envahissantes. Plantez-les seules dans une jardini\u00e8re.<\/p>\n\n\n\n<p>Pour approfondir le sujet, consultez l\u2019article sur les plantes aromatiques en cliquant sur ce lien ou en le consultant sur le blog.<a href=\"https:\/\/jardinerietaberner.fr\/articles\/les-plantes-aromatiques\/\">https:\/\/jardinerietaberner.fr\/articles\/les-plantes-aromatiques\/<\/a><\/p>\n\n\n\n<p><\/p>\n","protected":false},"excerpt":{"rendered":"<p>Pour profiter des saveurs de l\u2019\u00e9t\u00e9, rien de plus facile que de confectionner une jardini\u00e8re de plantes aromatiques. En effet, les plantes aromatiques n\u2019ont pas besoin de beaucoup de terre pour s\u2019\u00e9panouir. Un peu de lumi\u00e8re et d\u2019eau, et vous pourrez agr\u00e9menter vos plats en fonction de vos envies. La plantation. -Choisissez une jardini\u00e8re ayant au moins 15 cm de<\/p>\n","protected":false},"author":2,"featured_media":0,"comment_status":"open","ping_status":"open","sticky":false,"template":"","format":"standard","meta":[],"categories":[4,13,5,1],"tags":[],"yoast_head":"<!-- This site is optimized with the Yoast SEO plugin v15.9 - https:\/\/yoast.com\/wordpress\/plugins\/seo\/ -->\n<title>Comment faire une jardini\u00e8re de plantes aromatiques. - aromatiques<\/title>\n<meta name=\"description\" content=\"Comment avoir des plantes aromatiques en pot? Confectionnez une jardini\u00e8re d&#039;aromatiques. Associez les plantes aromatiques entre elles.\" \/>\n<meta name=\"robots\" content=\"index, follow, max-snippet:-1, max-image-preview:large, max-video-preview:-1\" \/>\n<link rel=\"canonical\" href=\"https:\/\/jardinerietaberner.fr\/articles\/comment-faire-une-jardiniere-de-plantes-aromatiques\/\" \/>\n<meta property=\"og:locale\" content=\"fr_FR\" \/>\n<meta property=\"og:type\" content=\"article\" \/>\n<meta property=\"og:title\" content=\"Comment faire une jardini\u00e8re de plantes aromatiques. - aromatiques\" \/>\n<meta property=\"og:description\" content=\"Comment avoir des plantes aromatiques en pot? Confectionnez une jardini\u00e8re d&#039;aromatiques. Associez les plantes aromatiques entre elles.\" \/>\n<meta property=\"og:url\" content=\"https:\/\/jardinerietaberner.fr\/articles\/comment-faire-une-jardiniere-de-plantes-aromatiques\/\" \/>\n<meta property=\"article:published_time\" content=\"2024-12-27T08:25:33+00:00\" \/>\n<meta property=\"article:modified_time\" content=\"2024-12-27T08:25:35+00:00\" \/>\n<meta property=\"og:image\" content=\"https:\/\/jardinerietaberner.fr\/articles\/wp-content\/uploads\/2022\/03\/jardiniere-aromatique4-1024x1024.jpg\" \/>\n<meta name=\"twitter:card\" content=\"summary_large_image\" \/>\n<meta name=\"twitter:label1\" content=\"Dur\u00e9e de lecture est.\">\n\t<meta name=\"twitter:data1\" content=\"3 minutes\">\n<script type=\"application\/ld+json\" class=\"yoast-schema-graph\">{\"@context\":\"https:\/\/schema.org\",\"@graph\":[{\"@type\":\"WebSite\",\"@id\":\"https:\/\/jardinerietaberner.fr\/articles\/#website\",\"url\":\"https:\/\/jardinerietaberner.fr\/articles\/\",\"name\":\"\",\"description\":\"\",\"potentialAction\":[{\"@type\":\"SearchAction\",\"target\":\"https:\/\/jardinerietaberner.fr\/articles\/?s={search_term_string}\",\"query-input\":\"required name=search_term_string\"}],\"inLanguage\":\"fr-FR\"},{\"@type\":\"ImageObject\",\"@id\":\"https:\/\/jardinerietaberner.fr\/articles\/comment-faire-une-jardiniere-de-plantes-aromatiques\/#primaryimage\",\"inLanguage\":\"fr-FR\",\"url\":\"https:\/\/jardinerietaberner.fr\/articles\/wp-content\/uploads\/2022\/03\/jardiniere-aromatique4-1024x1024.jpg\"},{\"@type\":\"WebPage\",\"@id\":\"https:\/\/jardinerietaberner.fr\/articles\/comment-faire-une-jardiniere-de-plantes-aromatiques\/#webpage\",\"url\":\"https:\/\/jardinerietaberner.fr\/articles\/comment-faire-une-jardiniere-de-plantes-aromatiques\/\",\"name\":\"Comment faire une jardini\\u00e8re de plantes aromatiques. - aromatiques\",\"isPartOf\":{\"@id\":\"https:\/\/jardinerietaberner.fr\/articles\/#website\"},\"primaryImageOfPage\":{\"@id\":\"https:\/\/jardinerietaberner.fr\/articles\/comment-faire-une-jardiniere-de-plantes-aromatiques\/#primaryimage\"},\"datePublished\":\"2024-12-27T08:25:33+00:00\",\"dateModified\":\"2024-12-27T08:25:35+00:00\",\"author\":{\"@id\":\"https:\/\/jardinerietaberner.fr\/articles\/#\/schema\/person\/f88c3122a6be0b8903125e7ee11ddf32\"},\"description\":\"Comment avoir des plantes aromatiques en pot? Confectionnez une jardini\\u00e8re d'aromatiques. Associez les plantes aromatiques entre elles.\",\"breadcrumb\":{\"@id\":\"https:\/\/jardinerietaberner.fr\/articles\/comment-faire-une-jardiniere-de-plantes-aromatiques\/#breadcrumb\"},\"inLanguage\":\"fr-FR\",\"potentialAction\":[{\"@type\":\"ReadAction\",\"target\":[\"https:\/\/jardinerietaberner.fr\/articles\/comment-faire-une-jardiniere-de-plantes-aromatiques\/\"]}]},{\"@type\":\"BreadcrumbList\",\"@id\":\"https:\/\/jardinerietaberner.fr\/articles\/comment-faire-une-jardiniere-de-plantes-aromatiques\/#breadcrumb\",\"itemListElement\":[{\"@type\":\"ListItem\",\"position\":1,\"item\":{\"@type\":\"WebPage\",\"@id\":\"https:\/\/jardinerietaberner.fr\/articles\/\",\"url\":\"https:\/\/jardinerietaberner.fr\/articles\/\",\"name\":\"Accueil\"}},{\"@type\":\"ListItem\",\"position\":2,\"item\":{\"@type\":\"WebPage\",\"@id\":\"https:\/\/jardinerietaberner.fr\/articles\/comment-faire-une-jardiniere-de-plantes-aromatiques\/\",\"url\":\"https:\/\/jardinerietaberner.fr\/articles\/comment-faire-une-jardiniere-de-plantes-aromatiques\/\",\"name\":\"Comment faire une jardini\\u00e8re de plantes aromatiques.\"}}]},{\"@type\":\"Person\",\"@id\":\"https:\/\/jardinerietaberner.fr\/articles\/#\/schema\/person\/f88c3122a6be0b8903125e7ee11ddf32\",\"name\":\"Nicole\",\"image\":{\"@type\":\"ImageObject\",\"@id\":\"https:\/\/jardinerietaberner.fr\/articles\/#personlogo\",\"inLanguage\":\"fr-FR\",\"url\":\"https:\/\/secure.gravatar.com\/avatar\/2c5c4b879997ba96b2577c7bcba21323?s=96&d=mm&r=g\",\"caption\":\"Nicole\"}}]}<\/script>\n<!-- \/ Yoast SEO plugin. -->","_links":{"self":[{"href":"https:\/\/jardinerietaberner.fr\/articles\/wp-json\/wp\/v2\/posts\/859"}],"collection":[{"href":"https:\/\/jardinerietaberner.fr\/articles\/wp-json\/wp\/v2\/posts"}],"about":[{"href":"https:\/\/jardinerietaberner.fr\/articles\/wp-json\/wp\/v2\/types\/post"}],"author":[{"embeddable":true,"href":"https:\/\/jardinerietaberner.fr\/articles\/wp-json\/wp\/v2\/users\/2"}],"replies":[{"embeddable":true,"href":"https:\/\/jardinerietaberner.fr\/articles\/wp-json\/wp\/v2\/comments?post=859"}],"version-history":[{"count":7,"href":"https:\/\/jardinerietaberner.fr\/articles\/wp-json\/wp\/v2\/posts\/859\/revisions"}],"predecessor-version":[{"id":1284,"href":"https:\/\/jardinerietaberner.fr\/articles\/wp-json\/wp\/v2\/posts\/859\/revisions\/1284"}],"wp:attachment":[{"href":"https:\/\/jardinerietaberner.fr\/articles\/wp-json\/wp\/v2\/media?parent=859"}],"wp:term":[{"taxonomy":"category","embeddable":true,"href":"https:\/\/jardinerietaberner.fr\/articles\/wp-json\/wp\/v2\/categories?post=859"},{"taxonomy":"post_tag","embeddable":true,"href":"https:\/\/jardinerietaberner.fr\/articles\/wp-json\/wp\/v2\/tags?post=859"}],"curies":[{"name":"wp","href":"https:\/\/api.w.org\/{rel}","templated":true}]}}